{"id":7506,"date":"2020-11-01T18:11:32","date_gmt":"2020-11-01T17:11:32","guid":{"rendered":"https:\/\/www.wiedergeborene.de\/fr\/?p=7506"},"modified":"2020-11-01T18:14:03","modified_gmt":"2020-11-01T17:14:03","slug":"voyager","status":"publish","type":"post","link":"https:\/\/www.wiedergeborene.de\/fr\/voyager\/","title":{"rendered":"voyager"},"content":{"rendered":"<p>Si je suis en route sur les Iles des Canaries il me para\u00eet comme si je pouvais unir deux mondes en moi\u00a0: Le savoir vivre des espagnoles et ma personnalit\u00e9 plus timide quand je dessine ou lis. C\u2019est comme deux c\u00f4t\u00e9s d\u2019une pi\u00e8ce d\u2019argent. Maintenant-dans la crise du virus voyager est plus difficile et aussi dangereux. Cela me fait triste et j\u2019ai l\u2019impression que cette crise durera plus de temps. Mais je sais que je peux faire un voyage imaginaire \u00e0 la mer. Les scientifiques savent que le cerveau ne peut pas faire la diff\u00e9rence entre un voyage \u00ab\u00a0r\u00e9al\u00a0\u00bb et un voyage imaginaire. Si je r\u00e9ussis \u00e0 \u00ab\u00a0voler\u00a0\u00bb \u00e0 la mer dans mon imagination j\u2019imagine que je suis en train de faire du surf sur une vague parfaite qui me fait arriver \u00e0 la borde de la mer. C\u2019est pour ca que j\u2019ai dessin\u00e9 la mer. Ainsi les deux mondes- Espagne et Allemagne deviennent un monde dans ma r\u00e9alit\u00e9 personnelle. Mais bien s\u00fbr je ne peux pas imaginer le contact avec les espagnoles sur mes voyages imaginatives. Et cela montre qu\u2019il sont tr\u00e8s pr\u00e9cieux et qu\u2019on ne peut pas les remplacer compl\u00e8tement avec l\u2019internet. Voil\u00e0 mes pens\u00e9es pour vous donner un peu d\u2019espoir dans ces temps difficiles.<\/p>\n<p>&nbsp;<\/p>\n","protected":false},"excerpt":{"rendered":"<p>Si je suis en route sur les Iles des Canaries il me para\u00eet comme si je pouvais unir deux mondes en moi\u00a0: Le savoir vivre des espagnoles et ma personnalit\u00e9 plus timide quand je dessine ou lis. C\u2019est comme deux c\u00f4t\u00e9s d\u2019une pi\u00e8ce d\u2019argent. Maintenant-dans la crise du virus voyager est plus difficile et aussi [&#8230;]<\/p>\n","protected":false},"author":2,"featured_media":7508,"comment_status":"closed","ping_status":"closed","sticky":false,"template":"","format":"standard","meta":{"footnotes":""},"categories":[1],"tags":[51,52,53],"class_list":["post-7506","post","type-post","status-publish","format-standard","has-post-thumbnail","hentry","category-allgemein","tag-surmonter-depression-avec-des-voyages-imaginaires","tag-surmonter-le-traumatisme-avec-des-voyages-imaginaires","tag-trouver-du-calme-avec-des-voyages-imaginaires"],"_links":{"self":[{"href":"https:\/\/www.wiedergeborene.de\/fr\/wp-json\/wp\/v2\/posts\/7506","targetHints":{"allow":["GET"]}}],"collection":[{"href":"https:\/\/www.wiedergeborene.de\/fr\/wp-json\/wp\/v2\/posts"}],"about":[{"href":"https:\/\/www.wiedergeborene.de\/fr\/wp-json\/wp\/v2\/types\/post"}],"author":[{"embeddable":true,"href":"https:\/\/www.wiedergeborene.de\/fr\/wp-json\/wp\/v2\/users\/2"}],"replies":[{"embeddable":true,"href":"https:\/\/www.wiedergeborene.de\/fr\/wp-json\/wp\/v2\/comments?post=7506"}],"version-history":[{"count":1,"href":"https:\/\/www.wiedergeborene.de\/fr\/wp-json\/wp\/v2\/posts\/7506\/revisions"}],"predecessor-version":[{"id":7507,"href":"https:\/\/www.wiedergeborene.de\/fr\/wp-json\/wp\/v2\/posts\/7506\/revisions\/7507"}],"wp:featuredmedia":[{"embeddable":true,"href":"https:\/\/www.wiedergeborene.de\/fr\/wp-json\/wp\/v2\/media\/7508"}],"wp:attachment":[{"href":"https:\/\/www.wiedergeborene.de\/fr\/wp-json\/wp\/v2\/media?parent=7506"}],"wp:term":[{"taxonomy":"category","embeddable":true,"href":"https:\/\/www.wiedergeborene.de\/fr\/wp-json\/wp\/v2\/categories?post=7506"},{"taxonomy":"post_tag","embeddable":true,"href":"https:\/\/www.wiedergeborene.de\/fr\/wp-json\/wp\/v2\/tags?post=7506"}],"curies":[{"name":"wp","href":"https:\/\/api.w.org\/{rel}","templated":true}]}}