{"id":7470,"date":"2019-12-14T12:39:58","date_gmt":"2019-12-14T11:39:58","guid":{"rendered":"https:\/\/www.wiedergeborene.de\/fr\/?p=7470"},"modified":"2019-12-14T15:46:40","modified_gmt":"2019-12-14T14:46:40","slug":"paix-interieure","status":"publish","type":"post","link":"https:\/\/www.wiedergeborene.de\/fr\/paix-interieure\/","title":{"rendered":"Paix int\u00e9rieure"},"content":{"rendered":"\n<p>Comment peux-je obtenir de la paix int\u00e9rieure\u00a0? Je crois que la paix int\u00e9rieure \u00e7a veut dire aussi de me pardonner\u00a0\u00e0 moi et de pardonner aux autres. Mais il ne faut pas confondre \u00ab\u00a0pardonner\u00a0\u00bb avec \u00ab\u00a0oublier\u00a0\u00bb. C\u2019est pas facile pour moi de l\u2019admettre mais \u00e0 cet instant il ne m\u2019est pas possible de pardonner ma famille. J\u2019ai essay\u00e9 de pardonner \u00e0 mon fr\u00e8re mais je pouvais le pardonner dans ma t\u00eate et pas dans mon c\u0153ur. Tr\u00e8s t\u00f4t apr\u00e8s de lui dire que je l\u2019avais pardonn\u00e9 me revenaient les sentiments de la vuln\u00e9rabilit\u00e9 et de l\u2019 amertume. Maintenant je sais que je n\u2019\u00e9tais pas pr\u00eate \u00e0 pardonner \u00e0 mon fr\u00e8re et \u00e0 ma famille. Je voulais seulement arr\u00eater les sentiments de la culpabilit\u00e9 et de la honte et dans la col\u00e8re qui \u00e9taient dans moi. Evidemment ce n\u2019est pas comment l\u2019acte de pardonner marche. Peut-\u00eatre, si on aper\u00e7oit la vie comme une bouteille d\u2019exp\u00e9riences la moiti\u00e9 ce cette bouteille doit \u00eatre rempli avec des bonnes exp\u00e9riences ou des exp\u00e9riences neutres. Parce que j\u2019avais plus d\u2019exp\u00e9riences mauvaises j\u2019\u00e9tais souvent envieux de la vie des autres. Aussi je ne pouvais pas pardonner\u00a0aux gens qui m\u2019avaient transgress\u00e9 au pass\u00e9. C\u2019est aussi parce que j\u2019esp\u00e8re trop de moi et des autres. Je regrette, que cette attitude m\u2019emp\u00eache d\u2019\u00eatre plus \u00e0 l\u2019aise avec moi et avec des autres. Comme c\u2019est difficile de changer mon attitude tout de suite il y a encore un autre chemin \u00e0 la paix int\u00e9rieure\u00a0: de me pardonner pour toutes les choses que je n\u2019ai pas faites diff\u00e9remment dans le pass\u00e9. Une fois un homme s\u00e2ge a dit qu\u2019il ne faut pas nombrer les choses qui nous n\u2019avons pas fait bien comme \u00ab\u00a0erreurs\u00a0\u00bb. Selon lui ce n\u2019\u00e9taient pas des erreurs mais des exp\u00e9riences. M\u00eame que nous sommes \u00e9duqu\u00e9 de ne pas faire des \u00ab\u00a0fautes\u00a0\u00bb, ce n\u2019est pas possible d\u2019apprendre quelque chose sans faire des \u00ab\u00a0fautes\u00a0\u00bb. Si j\u2019observe mes pens\u00e9es je note que je me critique souvent pour toutes les choses que je n\u2019avais pas faites bien. Je suis s\u00fbre que tout le monde veut faire les choses bien dans sa vie. Il n y a personne qui d\u00e9cide de faillir sa vie. Et cela c\u2019est le point o\u00fa on peut se pardonner\u00a0: Qu\u2019on n\u2019a pas pu le faire mieux dans ce moment pass\u00e9. Cela n\u2019est pas une excuse pour se comporter mal. Mais, peut-\u00eatre la pens\u00e9e que nous n\u2019avons pas pu de faire le diff\u00e9remment \u00e0 ce moment nous donne de la force pour am\u00e9liorer notre comportement dans le future. Aussi l\u2019acte de nous pardonner peut nous donner plus de la paix int\u00e9rieure.<\/p>\n\n\n\n<p>Renate Weber <\/p>\n","protected":false},"excerpt":{"rendered":"<p>Comment peux-je obtenir de la paix int\u00e9rieure\u00a0? Je crois que la paix int\u00e9rieure \u00e7a veut dire aussi de me pardonner\u00a0\u00e0 moi et de pardonner aux autres. Mais il ne faut pas confondre \u00ab\u00a0pardonner\u00a0\u00bb avec \u00ab\u00a0oublier\u00a0\u00bb. C\u2019est pas facile pour moi de l\u2019admettre mais \u00e0 cet instant il ne m\u2019est pas possible de pardonner ma famille. [&#8230;]<\/p>\n","protected":false},"author":2,"featured_media":7471,"comment_status":"closed","ping_status":"closed","sticky":false,"template":"","format":"standard","meta":{"footnotes":""},"categories":[1],"tags":[37,7,8,6,19,15,40],"class_list":["post-7470","post","type-post","status-publish","format-standard","has-post-thumbnail","hentry","category-allgemein","tag-surmonter-aggression-sexuelle","tag-surmonter-burnout","tag-surmonter-depression","tag-surmonter-epuisement","tag-surmonter-peur","tag-surmonter-traumatisme","tag-trouver-de-la-paix-interieure"],"_links":{"self":[{"href":"https:\/\/www.wiedergeborene.de\/fr\/wp-json\/wp\/v2\/posts\/7470","targetHints":{"allow":["GET"]}}],"collection":[{"href":"https:\/\/www.wiedergeborene.de\/fr\/wp-json\/wp\/v2\/posts"}],"about":[{"href":"https:\/\/www.wiedergeborene.de\/fr\/wp-json\/wp\/v2\/types\/post"}],"author":[{"embeddable":true,"href":"https:\/\/www.wiedergeborene.de\/fr\/wp-json\/wp\/v2\/users\/2"}],"replies":[{"embeddable":true,"href":"https:\/\/www.wiedergeborene.de\/fr\/wp-json\/wp\/v2\/comments?post=7470"}],"version-history":[{"count":3,"href":"https:\/\/www.wiedergeborene.de\/fr\/wp-json\/wp\/v2\/posts\/7470\/revisions"}],"predecessor-version":[{"id":7474,"href":"https:\/\/www.wiedergeborene.de\/fr\/wp-json\/wp\/v2\/posts\/7470\/revisions\/7474"}],"wp:featuredmedia":[{"embeddable":true,"href":"https:\/\/www.wiedergeborene.de\/fr\/wp-json\/wp\/v2\/media\/7471"}],"wp:attachment":[{"href":"https:\/\/www.wiedergeborene.de\/fr\/wp-json\/wp\/v2\/media?parent=7470"}],"wp:term":[{"taxonomy":"category","embeddable":true,"href":"https:\/\/www.wiedergeborene.de\/fr\/wp-json\/wp\/v2\/categories?post=7470"},{"taxonomy":"post_tag","embeddable":true,"href":"https:\/\/www.wiedergeborene.de\/fr\/wp-json\/wp\/v2\/tags?post=7470"}],"curies":[{"name":"wp","href":"https:\/\/api.w.org\/{rel}","templated":true}]}}