{"id":7451,"date":"2019-08-22T10:59:38","date_gmt":"2019-08-22T08:59:38","guid":{"rendered":"https:\/\/www.wiedergeborene.de\/fr\/?p=7451"},"modified":"2019-08-22T10:59:39","modified_gmt":"2019-08-22T08:59:39","slug":"le-sauvement-des-enfants-interieurs","status":"publish","type":"post","link":"https:\/\/www.wiedergeborene.de\/fr\/le-sauvement-des-enfants-interieurs\/","title":{"rendered":"le sauvement des enfants interieurs"},"content":{"rendered":"\n<p>J&#8217;ai dessin\u00e9 mes enfants Interieurs dans ce Tableau. Ce sont mes partes Interieurs bl\u00e9ss\u00e9s pendant l&#8217;experience de L&#8217;abus sexuel. Il sont rest\u00e9s dans un \u00e9tat du choc. Maintenant ils devaient faire l&#8217;experience d&#8217;\u00eatre sauv\u00e9es. Ainsi elles pouvaient finalment \u00eatre integres dans ma personalit\u00e9.<\/p>\n","protected":false},"excerpt":{"rendered":"<p>J&#8217;ai dessin\u00e9 mes enfants Interieurs dans ce Tableau. Ce sont mes partes Interieurs bl\u00e9ss\u00e9s pendant l&#8217;experience de L&#8217;abus sexuel. Il sont rest\u00e9s dans un \u00e9tat du choc. Maintenant ils devaient faire l&#8217;experience d&#8217;\u00eatre sauv\u00e9es. Ainsi elles pouvaient finalment \u00eatre integres dans ma personalit\u00e9.<\/p>\n","protected":false},"author":2,"featured_media":7452,"comment_status":"closed","ping_status":"closed","sticky":false,"template":"","format":"standard","meta":{"footnotes":""},"categories":[1],"tags":[38,37,7,39,8,6,19,15],"class_list":["post-7451","post","type-post","status-publish","format-standard","has-post-thumbnail","hentry","category-allgemein","tag-surmonter-abus-sexuel","tag-surmonter-aggression-sexuelle","tag-surmonter-burnout","tag-surmonter-cauchemar","tag-surmonter-depression","tag-surmonter-epuisement","tag-surmonter-peur","tag-surmonter-traumatisme"],"_links":{"self":[{"href":"https:\/\/www.wiedergeborene.de\/fr\/wp-json\/wp\/v2\/posts\/7451","targetHints":{"allow":["GET"]}}],"collection":[{"href":"https:\/\/www.wiedergeborene.de\/fr\/wp-json\/wp\/v2\/posts"}],"about":[{"href":"https:\/\/www.wiedergeborene.de\/fr\/wp-json\/wp\/v2\/types\/post"}],"author":[{"embeddable":true,"href":"https:\/\/www.wiedergeborene.de\/fr\/wp-json\/wp\/v2\/users\/2"}],"replies":[{"embeddable":true,"href":"https:\/\/www.wiedergeborene.de\/fr\/wp-json\/wp\/v2\/comments?post=7451"}],"version-history":[{"count":1,"href":"https:\/\/www.wiedergeborene.de\/fr\/wp-json\/wp\/v2\/posts\/7451\/revisions"}],"predecessor-version":[{"id":7453,"href":"https:\/\/www.wiedergeborene.de\/fr\/wp-json\/wp\/v2\/posts\/7451\/revisions\/7453"}],"wp:featuredmedia":[{"embeddable":true,"href":"https:\/\/www.wiedergeborene.de\/fr\/wp-json\/wp\/v2\/media\/7452"}],"wp:attachment":[{"href":"https:\/\/www.wiedergeborene.de\/fr\/wp-json\/wp\/v2\/media?parent=7451"}],"wp:term":[{"taxonomy":"category","embeddable":true,"href":"https:\/\/www.wiedergeborene.de\/fr\/wp-json\/wp\/v2\/categories?post=7451"},{"taxonomy":"post_tag","embeddable":true,"href":"https:\/\/www.wiedergeborene.de\/fr\/wp-json\/wp\/v2\/tags?post=7451"}],"curies":[{"name":"wp","href":"https:\/\/api.w.org\/{rel}","templated":true}]}}