{"id":7429,"date":"2019-08-22T10:19:17","date_gmt":"2019-08-22T08:19:17","guid":{"rendered":"https:\/\/www.wiedergeborene.de\/fr\/?p=7429"},"modified":"2019-08-22T10:19:18","modified_gmt":"2019-08-22T08:19:18","slug":"integration-et-amour-propre","status":"publish","type":"post","link":"https:\/\/www.wiedergeborene.de\/fr\/integration-et-amour-propre\/","title":{"rendered":"Integration et amour-propre"},"content":{"rendered":"\n<p>Je r\u00e9lisais que mon estime personnelle faible et mes sentiments de honte et de culpabilit\u00e9 me faisaient une victime id\u00e9al pour des gens aggressifs. Seulement si je pouvais \u00eatre comme une &#8220;m\u00e8re genereuse&#8221; pour toutes mes partes Interieurs et si je pouvais trouver d&#8217;amour pour moi m\u00eame les attaques constantes cessaront. <\/p>\n","protected":false},"excerpt":{"rendered":"<p>Je r\u00e9lisais que mon estime personnelle faible et mes sentiments de honte et de culpabilit\u00e9 me faisaient une victime id\u00e9al pour des gens aggressifs. Seulement si je pouvais \u00eatre comme une &#8220;m\u00e8re genereuse&#8221; pour toutes mes partes Interieurs et si je pouvais trouver d&#8217;amour pour moi m\u00eame les attaques constantes cessaront.<\/p>\n","protected":false},"author":2,"featured_media":7430,"comment_status":"closed","ping_status":"closed","sticky":false,"template":"","format":"standard","meta":{"footnotes":""},"categories":[1],"tags":[37,7,8,6,19,15],"class_list":["post-7429","post","type-post","status-publish","format-standard","has-post-thumbnail","hentry","category-allgemein","tag-surmonter-aggression-sexuelle","tag-surmonter-burnout","tag-surmonter-depression","tag-surmonter-epuisement","tag-surmonter-peur","tag-surmonter-traumatisme"],"_links":{"self":[{"href":"https:\/\/www.wiedergeborene.de\/fr\/wp-json\/wp\/v2\/posts\/7429","targetHints":{"allow":["GET"]}}],"collection":[{"href":"https:\/\/www.wiedergeborene.de\/fr\/wp-json\/wp\/v2\/posts"}],"about":[{"href":"https:\/\/www.wiedergeborene.de\/fr\/wp-json\/wp\/v2\/types\/post"}],"author":[{"embeddable":true,"href":"https:\/\/www.wiedergeborene.de\/fr\/wp-json\/wp\/v2\/users\/2"}],"replies":[{"embeddable":true,"href":"https:\/\/www.wiedergeborene.de\/fr\/wp-json\/wp\/v2\/comments?post=7429"}],"version-history":[{"count":1,"href":"https:\/\/www.wiedergeborene.de\/fr\/wp-json\/wp\/v2\/posts\/7429\/revisions"}],"predecessor-version":[{"id":7431,"href":"https:\/\/www.wiedergeborene.de\/fr\/wp-json\/wp\/v2\/posts\/7429\/revisions\/7431"}],"wp:featuredmedia":[{"embeddable":true,"href":"https:\/\/www.wiedergeborene.de\/fr\/wp-json\/wp\/v2\/media\/7430"}],"wp:attachment":[{"href":"https:\/\/www.wiedergeborene.de\/fr\/wp-json\/wp\/v2\/media?parent=7429"}],"wp:term":[{"taxonomy":"category","embeddable":true,"href":"https:\/\/www.wiedergeborene.de\/fr\/wp-json\/wp\/v2\/categories?post=7429"},{"taxonomy":"post_tag","embeddable":true,"href":"https:\/\/www.wiedergeborene.de\/fr\/wp-json\/wp\/v2\/tags?post=7429"}],"curies":[{"name":"wp","href":"https:\/\/api.w.org\/{rel}","templated":true}]}}