{"id":7396,"date":"2019-05-09T16:16:26","date_gmt":"2019-05-09T14:16:26","guid":{"rendered":"https:\/\/www.wiedergeborene.de\/fr\/?p=7396"},"modified":"2019-05-10T14:20:45","modified_gmt":"2019-05-10T12:20:45","slug":"le-jour-du-balai-ou-le-joue-de-la-culpabilite","status":"publish","type":"post","link":"https:\/\/www.wiedergeborene.de\/fr\/le-jour-du-balai-ou-le-joue-de-la-culpabilite\/","title":{"rendered":"Le jour du balai ou \u00ab le jeu de la culpabilit\u00e9 \u00bb"},"content":{"rendered":"\n<p>Qu\u2019est-ce que c\u2019est le jour du balai&nbsp;? C\u2019est le jour quand j\u2019ai\ncompris plus de la vie, des fautes et surtout du \u00ab&nbsp;jeu de la\nculpabilit\u00e9&nbsp;\u00bb. Quand j\u2019avais 9 ans j\u2019ai \u00e9t\u00e9 abus\u00e9 sexuellement par un\nmembre de ma famille. D\u00e8s ce temps l\u00e0 &#8211; m\u00eame que cela aurait d\u00fb \u00eatre dans\nl\u2019autre sense- je me suis senti coupable et j\u2019avais honte d\u2019\u00eatre moi-m\u00eame. Ma\nm\u00e8re traitait le \u00ab&nbsp;sujet&nbsp;\u00bb comme un tabou, ainsi que je croyais que\ntout \u00e9tait ma faute parce que j\u2019aimais ma famille et naturellement ma famille\nm\u2019aimait aussi. Plus tard, comme adulte je me suis souvent rencontr\u00e9e dans des situations\n(priv\u00e9es ou du travail) ou les gens me montreraient du doigt quand j\u2019ai fait un\nfaute ou m\u00eame si je n\u2019avais pas fait une faute ils me \u00ab&nbsp;douchaient&nbsp;\u00bb\navec leur agressivit\u00e9. Comme&nbsp; parte de\nmoi toujours croyait en \u00eatre toujours coupable et que les autres avaient raison\nje ne me suis pas d\u00e9fendu. Comme cons\u00e9quence j\u2019\u00e9tais la victime parfaite pour\ntous ceux que n\u2019adressaient pas leurs conflits dans les situations ad\u00e9quates\nmais usaient le jeu de la culpabilit\u00e9 pour se d\u00e9barrasser de leurs d\u00e9chets internes.\nC\u2019\u00e9tait toujours comme \u00e7a jusqu\u2019au jour du balai. C\u2019\u00e9tait un jour normal, je me\nsuis lev\u00e9e tr\u00e8s t\u00f4t, j\u2019avais promen\u00e9 mon chien d\u2019assistance et je pr\u00e9parais\npour mon travail. Juste avant de sortir de mon appartement j\u2019ai ouvert la porte\net j\u2019ai vu un balai, ma balayette et ma pelle de poussi\u00e8re rempli de boue avec\nune lettre de ma voisine en haute. Premi\u00e8rement j\u2019\u00e9tais tr\u00e8s irrit\u00e9e&nbsp;: C\u2019\u00e9tait\nun vendredi et j\u2019avais un longue jour de travail \u00e0 faire. J\u2019ai compris tout de\nsuite que si je lisais la lettre maintenant mes pens\u00e9es seraient \u00ab&nbsp;occup\u00e9es&nbsp;\u00bb\ndu contenu et cela me ferait &nbsp;plus\nstress\u00e9e en travaillant avec mes \u00e9l\u00e8ves. D\u2019habitude je voulais r\u00e9soudre tout au\nmoment o\u00f9 le probl\u00e8me \u00e9tait l\u00e0, mais maintenant j\u2019ai laiss\u00e9 tout comme \u00e7a et je\nsuis parti au coll\u00e8ge. L\u00e0 tout s\u2019est pass\u00e9 bien jusqu\u2019apr\u00e8s la pause du midi&nbsp;:\nJ\u2019\u00e9tais debout devant mes \u00e9l\u00e8ves quand mon t\u00e9l\u00e9phone portable sonnait. J\u2019\u00e9tais\nalarm\u00e9e que quelque chose s\u2019avait pass\u00e9 avec mes parents et je contestais l\u2019appel.\nC\u2019\u00e9tait l\u2019homme qui promenait mon chien Kalle quand j\u2019avais des jours longs au\ncoll\u00e8ge. Kalle s\u2019avait enfuit apr\u00e8s un conflit avec un autre chien. Il a crois\u00e9\nl\u2019avenue quelque fois, finalement il avait eu peur et est retourn\u00e9e chez \u00ab&nbsp;l\u2019homme\ndes chiens&nbsp;\u00bb. Maintenant il \u00e9tait sur la laisse mais \u00ab&nbsp;l\u2019homme des\nchiens&nbsp;\u00bb ne voulait plus travailler avec lui. Il craignait que Kalle s\u2019\u00e9chapperai\naussi dans le future. Je me sentais sans \u00e9nergie et j\u2019ai lui dit de le&nbsp; rappeler quand je retournais du coll\u00e8ge.\nArriv\u00e9e \u00e0 la maison je voyais le balai etc. \u00e0 c\u00f4t\u00e9 de ma porte. Kalle m\u2019accueillit\nen me l\u00e9chant le visage. A ce moment-l\u00e0 c\u2019\u00e9tait clair pour moi que je ne\npouvais persuader l\u2019homme des chien ne r\u00e9soudre le probl\u00e8me avec ma voisine. J\u2019\u00e9tais\ntrop \u00e9nerv\u00e9e apr\u00e8s une semaine turbulente. C\u2019\u00e9tait un beau jour et \u00e0 cet\ninstant j\u2019ai d\u00e9cid\u00e9 de ne plus r\u00e9agir tout de suite aux choses que les autres\nme lan\u00e7aient \u00e0 moi. Une parte de moi voulait instantan\u00e9ment \u00e9crire une lettre\navec des justifications \u00e0 ma voisine. Mais je ne l\u2019\u00e9coutais pas. Puis j\u2019ai pris\nmon chien, je l\u2019attachais avec sa laisse au crochet de ma bicyclette et nous\nnous sommes all\u00e9s aux lacs. Cela durait une heure pour arriver l\u00e0-bas. Pendant\nle retour Kalle s\u2019est repos\u00e9 dans sa remorque rouge. Quand nous sommes arriv\u00e9s\n\u00e0 la maison ma col\u00e8re n\u2019\u00e9tait plus encore l\u00e0. Enfin je lisais la lettre de ma\nvoisine. Elle \u00ab&nbsp;disait&nbsp;\u00bb qu\u2019elle trouvait l\u2019escalier d\u00e9go\u00fbtant parce\nque peu apr\u00e8s que la femme de m\u00e9nage l\u2019avait nettoy\u00e9 mon chien le salissait. En\nsoupirant j\u2019ai pris ma pelle \u00e0 poussi\u00e8res et je balayais \u00ab&nbsp;l\u2019objet du\nlitige&nbsp;\u00bb. Je balayais tout la boue que Kalle, les autres quatre chiens du\nb\u00e2timent, l\u2019homme des chiens et moi avons fait pendant la journ\u00e9e. Avant de m\u2019endormir\n\u00e0 c\u00f4t\u00e9 de mon chien r\u00e9volt\u00e9 et je demandais pourquoi ma voisine ne m\u2019avait pas\nparl\u00e9 en lieu de \u00ab&nbsp;construire une tribune&nbsp;d\u2019accusation\u00bb comme \u00e7a.\nPourquoi est-ce qu\u2019elle avait \u00ab&nbsp;choisi&nbsp;\u00bb moi de tous les propri\u00e9taires\ndu chien dans notre b\u00e2timent&nbsp;? Quelque part dans mon subconscient je\nsavais que ces situations toujours se r\u00e9p\u00e9taient dans vie parce qu\u2019il y avait\nune parte de moi qui \u00e9tait profond\u00e9ment convaincu que m\u00eame avant que les autres\npouvaient montrer leur doigts dans ma direction c\u2019\u00e9tait moi qui \u00e9tait \u00ab&nbsp;la\ncoupable&nbsp;\u00bb pour tous les choses. C\u2019\u00e9tait un vendredi quand j\u2019ai rencontr\u00e9\nma voisine devant la porte principal et je l\u2019ai demand\u00e9 pourquoi elle ne m\u2019avait\npas parl\u00e9 le vendredi matin. J\u2019essayais de l\u2019expliquer que je nettoyais souvent\nl\u2019escalier \u00ab&nbsp;apr\u00e8s Kalle&nbsp;\u00bb mais qu\u2019il avait encore quatre chien dans\nle b\u00e2timent et que l\u2019homme des chiens venait pendant les heures o\u00f9 je\ntravaillais pour les promener. Lui aussi, il laissait de la boue sur l\u2019escalier\nquand il venait de ses promenades avec les chiens. Ma voisine m\u2019avait\ninterrompu quelque fois en r\u00e9p\u00e9tant tout ce qu\u2019elle avait \u00e9crit dans la lettre.\nJe lui ai promis de parler avec les autres propri\u00e9taires du chien pour \u00ab&nbsp;partager\nla nettoyage de l\u2019escalier&nbsp;\u00bb. Quand elle \u00e9tait en train de sortir pour son\ntravail et le porte se fermait lentement elle criait&nbsp;: \u00ab&nbsp;Je veux que\ntu me retournes ma baie&nbsp;!!!&nbsp;\u00bb. <\/p>\n\n\n\n<p>A cet instant l\u00e0 j\u2019ai compris que oui il y avait un probl\u00e8me de la boue sur\nl\u2019escalier, mais qu\u2019aussi ma voisine avait un probl\u00e8me car elle n\u2019avait pas pu\nparler avec moi ou les autres propri\u00e9taires du chien d\u2019une mani\u00e8re ad\u00e9quate. Quand\nje regardais le balai qui \u00e9tait encore \u00e0 c\u00f4t\u00e9 de ma porte j\u2019ai compris que ce n\u2019a\npas \u00e9t\u00e9 moi qui l\u2019avait mise l\u00e0 et que ce n\u2019\u00e9tait pas ma responsabilit\u00e9 de le \u00ab&nbsp;rendre&nbsp;\u00bb\n\u00e0 moi voisine. Je l\u2019ai laiss\u00e9 \u00e0 c\u00f4t\u00e9 de ma porte et j\u2019\u00e9tais \u00e9tonn\u00e9 que ma\nvoisine n\u2019est pas venue pas \u00e0 le chercher. Ce jour l\u00e0- le jour du balai je\ncomprenais que m\u00eame que dans la critique de ma voisine il y avait un grain de\nv\u00e9rit\u00e9 j\u2019\u00e9tais une bonne personne \u00e0 ma fa\u00e7on. Et cette nuit-l\u00e0 je me jurais de\nne jamais me laisser user comme une poubelle pour les agressions des autres. J\u2019ai\nparl\u00e9 avec mon autre voisine qui a trois chiens. Nous avons \u00e9t\u00e9 d\u2019accord de\npartager le nettoyage de l\u2019escalier pendant la semaine. Aussi j\u2019ai parl\u00e9 avec l\u2019homme\ndes chiens. Il a accept\u00e9 de continuer \u00e0 travailler avec Kalle si le chien reste\nsur une longue laisse pendant la promenade. Il m\u2019a promis de \u00ab&nbsp;nettoyer\nles traces de boue&nbsp;\u00bb apr\u00e8s lui. Quand je vois ma \u00ab&nbsp;voisine du balai&nbsp;\u00bb\nje la salue poliment car ce n\u2019est pas elle qui est \u00ab&nbsp;le probl\u00e8me&nbsp;\u00bb.\nLe probl\u00e8me c\u2019\u00e9tait que je ne me suis pas trait\u00e9 tr\u00e8s bien au pass\u00e9 et que la\ncritique dur des autres ajoutait \u00e0 ma mis\u00e8re \u00ab&nbsp;fait maison&nbsp;\u00bb.\nPourtant le balai se trouve encore \u00e0 c\u00f4t\u00e9 de ma porte comme un monument fi\u00e8re\ndu changement interne que j\u2019avais fait. Cela c\u2019est l\u2019histoire que je voulais\npartager avec vous, chers lecteurs. <\/p>\n","protected":false},"excerpt":{"rendered":"<p>Qu\u2019est-ce que c\u2019est le jour du balai&nbsp;? C\u2019est le jour quand j\u2019ai compris plus de la vie, des fautes et surtout du \u00ab&nbsp;jeu de la culpabilit\u00e9&nbsp;\u00bb. Quand j\u2019avais 9 ans j\u2019ai \u00e9t\u00e9 abus\u00e9 sexuellement par un membre de ma famille. D\u00e8s ce temps l\u00e0 &#8211; m\u00eame que cela aurait d\u00fb \u00eatre dans l\u2019autre sense- je [&#8230;]<\/p>\n","protected":false},"author":2,"featured_media":7395,"comment_status":"closed","ping_status":"closed","sticky":false,"template":"","format":"standard","meta":{"footnotes":""},"categories":[1],"tags":[28,24,29,8,6,15],"class_list":["post-7396","post","type-post","status-publish","format-standard","has-post-thumbnail","hentry","category-allgemein","tag-accepter-soi-meme","tag-laisser-la-culpabilite","tag-le-joue-de-la-culpabilite","tag-surmonter-depression","tag-surmonter-epuisement","tag-surmonter-traumatisme"],"_links":{"self":[{"href":"https:\/\/www.wiedergeborene.de\/fr\/wp-json\/wp\/v2\/posts\/7396","targetHints":{"allow":["GET"]}}],"collection":[{"href":"https:\/\/www.wiedergeborene.de\/fr\/wp-json\/wp\/v2\/posts"}],"about":[{"href":"https:\/\/www.wiedergeborene.de\/fr\/wp-json\/wp\/v2\/types\/post"}],"author":[{"embeddable":true,"href":"https:\/\/www.wiedergeborene.de\/fr\/wp-json\/wp\/v2\/users\/2"}],"replies":[{"embeddable":true,"href":"https:\/\/www.wiedergeborene.de\/fr\/wp-json\/wp\/v2\/comments?post=7396"}],"version-history":[{"count":2,"href":"https:\/\/www.wiedergeborene.de\/fr\/wp-json\/wp\/v2\/posts\/7396\/revisions"}],"predecessor-version":[{"id":7398,"href":"https:\/\/www.wiedergeborene.de\/fr\/wp-json\/wp\/v2\/posts\/7396\/revisions\/7398"}],"wp:featuredmedia":[{"embeddable":true,"href":"https:\/\/www.wiedergeborene.de\/fr\/wp-json\/wp\/v2\/media\/7395"}],"wp:attachment":[{"href":"https:\/\/www.wiedergeborene.de\/fr\/wp-json\/wp\/v2\/media?parent=7396"}],"wp:term":[{"taxonomy":"category","embeddable":true,"href":"https:\/\/www.wiedergeborene.de\/fr\/wp-json\/wp\/v2\/categories?post=7396"},{"taxonomy":"post_tag","embeddable":true,"href":"https:\/\/www.wiedergeborene.de\/fr\/wp-json\/wp\/v2\/tags?post=7396"}],"curies":[{"name":"wp","href":"https:\/\/api.w.org\/{rel}","templated":true}]}}