{"id":7239,"date":"2017-08-31T19:15:24","date_gmt":"2017-08-31T17:15:24","guid":{"rendered":"http:\/\/www.wiedergeborene.de\/fr\/?p=7239"},"modified":"2017-08-31T19:15:24","modified_gmt":"2017-08-31T17:15:24","slug":"fulna-vole-a-la-foire","status":"publish","type":"post","link":"https:\/\/www.wiedergeborene.de\/fr\/fulna-vole-a-la-foire\/","title":{"rendered":"Fulna vole \u00e0 la foire"},"content":{"rendered":"<p><span lang=\"FR\" style=\"margin: 0px;color: black;line-height: 110%;font-family: 'Arial',sans-serif;font-size: 13.5pt\">Chers lecteurs,<\/span><\/p>\n<p><span lang=\"FR\" style=\"margin: 0px;color: black;line-height: 110%;font-family: 'Arial',sans-serif;font-size: 10pt\">Fulna vole \u00e0 la foire des livres \u00e0 Francfort. Je voudrais bien partager avec vous le catalogue. Fulna se trouve \u00e0 la page 71 dans le vieux catalogue. Le nouveau catalogue arrivera jusqu&#8217;au d\u00e9but de la foire, le 25 Octobre.<\/span><\/p>\n<p><span style=\"margin: 0px;color: black;line-height: 110%;font-family: 'Arial',sans-serif;font-size: 10pt\"><a href=\"https:\/\/flashbooks.boersenblatt.net\/MVB_WK_2016\/html5.html\"><span lang=\"FR\" style=\"background: white;margin: 0px;padding: 0cm;border: 1pt windowtext;color: #0563c1;line-height: 110%;font-family: 'Calibri',sans-serif;font-size: 13.5pt\">Ici vient le apercu du catalogue<\/span><\/a><\/span><\/p>\n<p><span lang=\"FR\" style=\"margin: 0px;color: black;line-height: 110%;font-family: 'Arial',sans-serif;font-size: 10pt\">\u00a0Aussi, je vous presente la Fulna vivante: La dame de dragon m&#8217;a redonn\u00e9 mes forces interieures. Elle peut aussi donner du courage \u00e0 tout le monde!<\/span><\/p>\n<p><u><span style=\"margin: 0px;color: black;line-height: 110%;font-family: 'Arial',sans-serif;font-size: 10pt\"><a href=\"https:\/\/youtu.be\/t7mWUnaG8Y8\"><span lang=\"FR\">Et ici vient le vid\u00e9o de la Fulna francaise<\/span><\/a><\/span><\/u><\/p>\n<p><span style=\"margin: 0px;color: black;line-height: 110%;font-family: 'Arial',sans-serif;font-size: 10pt\"><a href=\"https:\/\/amzn.eu\/9NEGWGh\"><span lang=\"FR\" style=\"background: white;margin: 0px;padding: 0cm;border: 1pt windowtext;color: #0563c1;line-height: 110%;font-family: 'Calibri',sans-serif;font-size: 13.5pt\">Ici vous pouvez lire le conte de gu\u00e9rison<\/span><\/a><\/span><\/p>\n","protected":false},"excerpt":{"rendered":"<p>Chers lecteurs, Fulna vole \u00e0 la foire des livres \u00e0 Francfort. Je voudrais bien partager avec vous le catalogue. Fulna se trouve \u00e0 la page 71 dans le vieux catalogue. Le nouveau catalogue arrivera jusqu&#8217;au d\u00e9but de la foire, le 25 Octobre. Ici vient le apercu du catalogue \u00a0Aussi, je vous presente la Fulna vivante: [&#8230;]<\/p>\n","protected":false},"author":2,"featured_media":7240,"comment_status":"open","ping_status":"closed","sticky":false,"template":"","format":"standard","meta":{"footnotes":""},"categories":[1],"tags":[],"class_list":["post-7239","post","type-post","status-publish","format-standard","has-post-thumbnail","hentry","category-allgemein"],"_links":{"self":[{"href":"https:\/\/www.wiedergeborene.de\/fr\/wp-json\/wp\/v2\/posts\/7239","targetHints":{"allow":["GET"]}}],"collection":[{"href":"https:\/\/www.wiedergeborene.de\/fr\/wp-json\/wp\/v2\/posts"}],"about":[{"href":"https:\/\/www.wiedergeborene.de\/fr\/wp-json\/wp\/v2\/types\/post"}],"author":[{"embeddable":true,"href":"https:\/\/www.wiedergeborene.de\/fr\/wp-json\/wp\/v2\/users\/2"}],"replies":[{"embeddable":true,"href":"https:\/\/www.wiedergeborene.de\/fr\/wp-json\/wp\/v2\/comments?post=7239"}],"version-history":[{"count":1,"href":"https:\/\/www.wiedergeborene.de\/fr\/wp-json\/wp\/v2\/posts\/7239\/revisions"}],"predecessor-version":[{"id":7241,"href":"https:\/\/www.wiedergeborene.de\/fr\/wp-json\/wp\/v2\/posts\/7239\/revisions\/7241"}],"wp:featuredmedia":[{"embeddable":true,"href":"https:\/\/www.wiedergeborene.de\/fr\/wp-json\/wp\/v2\/media\/7240"}],"wp:attachment":[{"href":"https:\/\/www.wiedergeborene.de\/fr\/wp-json\/wp\/v2\/media?parent=7239"}],"wp:term":[{"taxonomy":"category","embeddable":true,"href":"https:\/\/www.wiedergeborene.de\/fr\/wp-json\/wp\/v2\/categories?post=7239"},{"taxonomy":"post_tag","embeddable":true,"href":"https:\/\/www.wiedergeborene.de\/fr\/wp-json\/wp\/v2\/tags?post=7239"}],"curies":[{"name":"wp","href":"https:\/\/api.w.org\/{rel}","templated":true}]}}