{"id":7163,"date":"2017-05-28T19:47:40","date_gmt":"2017-05-28T17:47:40","guid":{"rendered":"http:\/\/www.wiedergeborene.de\/fr\/?p=7163"},"modified":"2017-05-28T19:55:20","modified_gmt":"2017-05-28T17:55:20","slug":"le-roman-autobiographique","status":"publish","type":"post","link":"https:\/\/www.wiedergeborene.de\/fr\/le-roman-autobiographique\/","title":{"rendered":"Le roman autobiographique"},"content":{"rendered":"<p style=\"text-align: justify\">ssht &#8230;\u00a0vous pouvez lire comme le livre continue dans mon Roman autobiographique (et de gu\u00e9rison): &#8220;Renate- ou le voyage au centre de l&#8217;\u00eatre.&#8221; Le roman va \u00eatre publi\u00e9 cette ann\u00e9e. Integr\u00e9 dans le Roman c&#8217;est la continuation de Fulna (comme dragon adulte). Pour voir les nouvelles, regardez mon Blog de temps en temps.<\/p>\n","protected":false},"excerpt":{"rendered":"<p>ssht &#8230;\u00a0vous pouvez lire comme le livre continue dans mon Roman autobiographique (et de gu\u00e9rison): &#8220;Renate- ou le voyage au centre de l&#8217;\u00eatre.&#8221; Le roman va \u00eatre publi\u00e9 cette ann\u00e9e. Integr\u00e9 dans le Roman c&#8217;est la continuation de Fulna (comme dragon adulte). Pour voir les nouvelles, regardez mon Blog de temps en temps.<\/p>\n","protected":false},"author":2,"featured_media":6665,"comment_status":"open","ping_status":"closed","sticky":false,"template":"","format":"standard","meta":{"footnotes":""},"categories":[1],"tags":[],"class_list":["post-7163","post","type-post","status-publish","format-standard","has-post-thumbnail","hentry","category-allgemein"],"_links":{"self":[{"href":"https:\/\/www.wiedergeborene.de\/fr\/wp-json\/wp\/v2\/posts\/7163","targetHints":{"allow":["GET"]}}],"collection":[{"href":"https:\/\/www.wiedergeborene.de\/fr\/wp-json\/wp\/v2\/posts"}],"about":[{"href":"https:\/\/www.wiedergeborene.de\/fr\/wp-json\/wp\/v2\/types\/post"}],"author":[{"embeddable":true,"href":"https:\/\/www.wiedergeborene.de\/fr\/wp-json\/wp\/v2\/users\/2"}],"replies":[{"embeddable":true,"href":"https:\/\/www.wiedergeborene.de\/fr\/wp-json\/wp\/v2\/comments?post=7163"}],"version-history":[{"count":2,"href":"https:\/\/www.wiedergeborene.de\/fr\/wp-json\/wp\/v2\/posts\/7163\/revisions"}],"predecessor-version":[{"id":7165,"href":"https:\/\/www.wiedergeborene.de\/fr\/wp-json\/wp\/v2\/posts\/7163\/revisions\/7165"}],"wp:featuredmedia":[{"embeddable":true,"href":"https:\/\/www.wiedergeborene.de\/fr\/wp-json\/wp\/v2\/media\/6665"}],"wp:attachment":[{"href":"https:\/\/www.wiedergeborene.de\/fr\/wp-json\/wp\/v2\/media?parent=7163"}],"wp:term":[{"taxonomy":"category","embeddable":true,"href":"https:\/\/www.wiedergeborene.de\/fr\/wp-json\/wp\/v2\/categories?post=7163"},{"taxonomy":"post_tag","embeddable":true,"href":"https:\/\/www.wiedergeborene.de\/fr\/wp-json\/wp\/v2\/tags?post=7163"}],"curies":[{"name":"wp","href":"https:\/\/api.w.org\/{rel}","templated":true}]}}