{"id":7156,"date":"2017-05-28T19:36:50","date_gmt":"2017-05-28T17:36:50","guid":{"rendered":"http:\/\/www.wiedergeborene.de\/fr\/?p=7156"},"modified":"2017-05-28T19:36:50","modified_gmt":"2017-05-28T17:36:50","slug":"confiance-en-soi","status":"publish","type":"post","link":"https:\/\/www.wiedergeborene.de\/fr\/confiance-en-soi\/","title":{"rendered":"confiance en soi"},"content":{"rendered":"<p style=\"text-align: justify\">Finalment le conte de gu\u00e9rison &#8220;Fulna&#8221; fortifie la confiance de soi. Le Roman autobiographique &#8220;Renate -ou le voyage au centre de l&#8217;\u00eatre&#8221; peut encourager tout le monde de suivre son chemin- malgr\u00e9 toutes les difficult\u00e9s. Dans mon Roman autobiographique la conciliation entre les parts interieurs joue un r\u00f4le importante. Ici dans le dessin on peut voir le faon Anuschka avec la Renate adulte. Le faon r\u00e9presente la petite Renate (=Nati)<\/p>\n","protected":false},"excerpt":{"rendered":"<p>Finalment le conte de gu\u00e9rison &#8220;Fulna&#8221; fortifie la confiance de soi. Le Roman autobiographique &#8220;Renate -ou le voyage au centre de l&#8217;\u00eatre&#8221; peut encourager tout le monde de suivre son chemin- malgr\u00e9 toutes les difficult\u00e9s. Dans mon Roman autobiographique la conciliation entre les parts interieurs joue un r\u00f4le importante. Ici dans le dessin on peut [&#8230;]<\/p>\n","protected":false},"author":2,"featured_media":7157,"comment_status":"open","ping_status":"closed","sticky":false,"template":"","format":"standard","meta":{"footnotes":""},"categories":[1],"tags":[],"class_list":["post-7156","post","type-post","status-publish","format-standard","has-post-thumbnail","hentry","category-allgemein"],"_links":{"self":[{"href":"https:\/\/www.wiedergeborene.de\/fr\/wp-json\/wp\/v2\/posts\/7156","targetHints":{"allow":["GET"]}}],"collection":[{"href":"https:\/\/www.wiedergeborene.de\/fr\/wp-json\/wp\/v2\/posts"}],"about":[{"href":"https:\/\/www.wiedergeborene.de\/fr\/wp-json\/wp\/v2\/types\/post"}],"author":[{"embeddable":true,"href":"https:\/\/www.wiedergeborene.de\/fr\/wp-json\/wp\/v2\/users\/2"}],"replies":[{"embeddable":true,"href":"https:\/\/www.wiedergeborene.de\/fr\/wp-json\/wp\/v2\/comments?post=7156"}],"version-history":[{"count":1,"href":"https:\/\/www.wiedergeborene.de\/fr\/wp-json\/wp\/v2\/posts\/7156\/revisions"}],"predecessor-version":[{"id":7158,"href":"https:\/\/www.wiedergeborene.de\/fr\/wp-json\/wp\/v2\/posts\/7156\/revisions\/7158"}],"wp:featuredmedia":[{"embeddable":true,"href":"https:\/\/www.wiedergeborene.de\/fr\/wp-json\/wp\/v2\/media\/7157"}],"wp:attachment":[{"href":"https:\/\/www.wiedergeborene.de\/fr\/wp-json\/wp\/v2\/media?parent=7156"}],"wp:term":[{"taxonomy":"category","embeddable":true,"href":"https:\/\/www.wiedergeborene.de\/fr\/wp-json\/wp\/v2\/categories?post=7156"},{"taxonomy":"post_tag","embeddable":true,"href":"https:\/\/www.wiedergeborene.de\/fr\/wp-json\/wp\/v2\/tags?post=7156"}],"curies":[{"name":"wp","href":"https:\/\/api.w.org\/{rel}","templated":true}]}}