{"id":6986,"date":"2016-09-25T21:08:28","date_gmt":"2016-09-25T19:08:28","guid":{"rendered":"http:\/\/www.wiedergeborene.de\/fr\/?p=6986"},"modified":"2016-10-11T11:49:53","modified_gmt":"2016-10-11T09:49:53","slug":"fulna-geo-interview","status":"publish","type":"post","link":"https:\/\/www.wiedergeborene.de\/fr\/fulna-geo-interview\/","title":{"rendered":"Fulna et GEO Interview"},"content":{"rendered":"[vc_row][vc_column][vc_column_text]Chers lecteurs,<\/p>\n<p>Le <strong>12 de Octobre<\/strong> le magazine <strong>GEO sant\u00e9<\/strong> (couverture rouge) apara\u00eet. Le sujet de cette \u00e9dition est \u00ab\u00a0Comment <strong>surmonter le burnout et la d\u00e9pression<\/strong>\u00a0?\u00a0\u00bb. Il y a un <strong>interview <\/strong>avec moi dedans. Voil\u00e0 le lien pour voir l&#8217;avant-premi\u00e8re:<\/p>\n<p><span style=\"text-decoration: underline; color: #0000ff;\"><a style=\"color: #0000ff; text-decoration: underline;\" href=\"https:\/\/m.geo.de\/magazine\/geo-wissen-gesundheit\/1163-rtkl-vorschau-burnout-aengste-depression\">Fulna et GEO Interview<\/a><\/span>[\/vc_column_text][vc_single_image image=&#8221;7002&#8243; img_size=&#8221;large&#8221; alignment=&#8221;center&#8221;][vc_column_text]Pendant qu\u2019on m\u2019a interview\u00e9 j\u2019ai eu l\u2019id\u00e9e de <strong>FULNA<\/strong>, un <strong>conte de gu\u00e9rison <\/strong>pour adultes et enfants. Maintenant on peut commander le livre en fran\u04abais, anglais, espagnol et allemand. Pour vous donner une impression il y a le texte jaquette: <em>\u00ab<\/em><em>Ce n\u2019est plus d\u2019 hasard ce qui se passe avec le Monsieur Raffel. Il para\u00eet un jour normal quand le r\u00e9dacteur en chef abr\u00e8ge un article sur le burnout. Monsieur Raffel coupe les \u00eatres de imagination qui ont aid\u00e9 a une patiente de surmonter le burnout. Il ne sait pas encore que sa vie va a changer beaucoup : Dans son bureau Fulna-se glisse de son \u0153uf. Avec ses questions innocentes la brave dragon-fille d\u00e9range la vie du r\u00e9dacteur en chef \u2013et la vie de sa famille. Au d\u00e9but Monsieur Raffel consid\u00e8re le b\u00e9b\u00e9 dragon comme une obligation g\u00eanante. Mais peu \u00e0 peu il comprend que dans sa vie stressante quelque chose a manqu\u00e9\u2026-Un conte de gu\u00e9rison qui suscite la r\u00e9flexion\u00bb<\/em><\/p>\n<p>Et ici va a venir un lien ver l\u2019option de le commander en <strong>fran\u04abais<\/strong> aupr\u00e8s Amazon.de (104p, 7,99 Euro, ISBN 978374127<strong>669<\/strong>):[\/vc_column_text][vc_btn title=&#8221;Commander maintenant&#8221; color=&#8221;danger&#8221; size=&#8221;lg&#8221; align=&#8221;center&#8221; i_icon_fontawesome=&#8221;fa fa-shopping-cart&#8221; link=&#8221;url:https%3A%2F%2Fwww.amazon.de%2FFulna-conte-gu%C3%A9rison-Renate-Weber%2Fdp%2F3741279668%2Fref%3Dsr_1_3%3Fie%3DUTF8%26qid%3D1475227754%26sr%3D8-3|||&#8221; add_icon=&#8221;true&#8221;][vc_column_text]Et voici l&#8217;offre sp\u00e9ciale pour l&#8217;ebook fran\u00e7ais pour 2,99 Euro:[\/vc_column_text][vc_btn title=&#8221;Commander maintenant&#8221; color=&#8221;danger&#8221; size=&#8221;lg&#8221; align=&#8221;center&#8221; i_icon_fontawesome=&#8221;fa fa-shopping-cart&#8221; link=&#8221;url:https%3A%2F%2Fwww.amazon.de%2FFulna-conte-gu%C3%A9rison-Renate-Weber-ebook%2Fdp%2FB01LZNZBE9%2F|||&#8221; add_icon=&#8221;true&#8221;][vc_column_text]Meilleures Salutations<br \/>\nRenate Weber (wiedergeborene.de)[\/vc_column_text][\/vc_column][\/vc_row][vc_row][vc_column][\/vc_column][\/vc_row]\n","protected":false},"excerpt":{"rendered":"<p>[vc_row][vc_column][vc_column_text]Chers lecteurs, Le 12 de Octobre le magazine GEO sant\u00e9 (couverture rouge) apara\u00eet. Le sujet de cette \u00e9dition est \u00ab\u00a0Comment surmonter le burnout et la d\u00e9pression\u00a0?\u00a0\u00bb. Il y a un interview avec moi dedans. Voil\u00e0 le lien pour voir l&#8217;avant-premi\u00e8re: Fulna et GEO Interview[\/vc_column_text][vc_single_image image=&#8221;7002&#8243; img_size=&#8221;large&#8221; alignment=&#8221;center&#8221;][vc_column_text]Pendant qu\u2019on m\u2019a interview\u00e9 j\u2019ai eu l\u2019id\u00e9e de FULNA, [&#8230;]<\/p>\n","protected":false},"author":2,"featured_media":0,"comment_status":"open","ping_status":"closed","sticky":false,"template":"","format":"standard","meta":{"footnotes":""},"categories":[1],"tags":[],"class_list":["post-6986","post","type-post","status-publish","format-standard","hentry","category-allgemein"],"_links":{"self":[{"href":"https:\/\/www.wiedergeborene.de\/fr\/wp-json\/wp\/v2\/posts\/6986","targetHints":{"allow":["GET"]}}],"collection":[{"href":"https:\/\/www.wiedergeborene.de\/fr\/wp-json\/wp\/v2\/posts"}],"about":[{"href":"https:\/\/www.wiedergeborene.de\/fr\/wp-json\/wp\/v2\/types\/post"}],"author":[{"embeddable":true,"href":"https:\/\/www.wiedergeborene.de\/fr\/wp-json\/wp\/v2\/users\/2"}],"replies":[{"embeddable":true,"href":"https:\/\/www.wiedergeborene.de\/fr\/wp-json\/wp\/v2\/comments?post=6986"}],"version-history":[{"count":12,"href":"https:\/\/www.wiedergeborene.de\/fr\/wp-json\/wp\/v2\/posts\/6986\/revisions"}],"predecessor-version":[{"id":7025,"href":"https:\/\/www.wiedergeborene.de\/fr\/wp-json\/wp\/v2\/posts\/6986\/revisions\/7025"}],"wp:attachment":[{"href":"https:\/\/www.wiedergeborene.de\/fr\/wp-json\/wp\/v2\/media?parent=6986"}],"wp:term":[{"taxonomy":"category","embeddable":true,"href":"https:\/\/www.wiedergeborene.de\/fr\/wp-json\/wp\/v2\/categories?post=6986"},{"taxonomy":"post_tag","embeddable":true,"href":"https:\/\/www.wiedergeborene.de\/fr\/wp-json\/wp\/v2\/tags?post=6986"}],"curies":[{"name":"wp","href":"https:\/\/api.w.org\/{rel}","templated":true}]}}