{"id":6975,"date":"2016-09-17T12:08:15","date_gmt":"2016-09-17T10:08:15","guid":{"rendered":"http:\/\/www.wiedergeborene.de\/fr\/?p=6975"},"modified":"2016-10-11T11:50:28","modified_gmt":"2016-10-11T09:50:28","slug":"fulna-un-conte-de-guerison","status":"publish","type":"post","link":"https:\/\/www.wiedergeborene.de\/fr\/fulna-un-conte-de-guerison\/","title":{"rendered":"Fulna un conte de gu\u00e9rison"},"content":{"rendered":"[vc_row][vc_column][vc_column_text]Description fran\u04abaise:<\/p>\n<p>Ce n\u2019est plus d\u2019 hasard ce qui se passe avec le Monsieur Raffel. Il para\u00eet un jour normal quand le r\u00e9dacteur en chef abr\u00e8ge un article sur le burnout. Monsieur Raffel coupe les \u00eatres de imagination qui ont aid\u00e9 a une patiente de surmonter le burnout. Il ne sait pas encore que sa vie va a changer beaucoup : Dans son bureau Fulna-se glisse de son \u0153uf. Avec ses questions innocentes la brave dragon-fille d\u00e9range la vie du r\u00e9dacteur en chef \u2013et la vie de sa famille. Au d\u00e9but Monsieur Raffel consid\u00e8re le b\u00e9b\u00e9 dragon comme une obligation g\u00eanante. Mais peu \u00e0 peu il comprend que dans sa vie stressante quelque chose a manqu\u00e9\u2026<\/p>\n<p>Un conte de gu\u00e9rison qui suscite la r\u00e9flexion.<\/p>\n<p>Ici il y a le lien pour le commander avec Amazon.de:[\/vc_column_text][vc_btn title=&#8221;Commander maintenant&#8221; color=&#8221;danger&#8221; size=&#8221;lg&#8221; align=&#8221;center&#8221; i_icon_fontawesome=&#8221;fa fa-shopping-cart&#8221; link=&#8221;url:https%3A%2F%2Fwww.amazon.de%2FFulna-conte-gu%C3%A9rison-Renate-Weber%2Fdp%2F3741279668%2Fref%3Dsr_1_3%3Fie%3DUTF8%26qid%3D1475227754%26sr%3D8-3|||&#8221; add_icon=&#8221;true&#8221;][vc_column_text]Et voici l&#8217;offre sp\u00e9ciale pour l&#8217;ebook fran\u00e7ais pour 2,99 Euro:[\/vc_column_text][vc_btn title=&#8221;Commander maintenant&#8221; color=&#8221;danger&#8221; size=&#8221;lg&#8221; align=&#8221;center&#8221; i_icon_fontawesome=&#8221;fa fa-shopping-cart&#8221; link=&#8221;url:https%3A%2F%2Fwww.amazon.de%2FFulna-conte-gu%C3%A9rison-Renate-Weber-ebook%2Fdp%2FB01LZNZBE9%2F|||&#8221; add_icon=&#8221;true&#8221;][vc_single_image image=&#8221;7001&#8243; img_size=&#8221;large&#8221; alignment=&#8221;center&#8221;][\/vc_column][\/vc_row][vc_row][vc_column][\/vc_column][\/vc_row]\n","protected":false},"excerpt":{"rendered":"<p>[vc_row][vc_column][vc_column_text]Description fran\u04abaise: Ce n\u2019est plus d\u2019 hasard ce qui se passe avec le Monsieur Raffel. Il para\u00eet un jour normal quand le r\u00e9dacteur en chef abr\u00e8ge un article sur le burnout. Monsieur Raffel coupe les \u00eatres de imagination qui ont aid\u00e9 a une patiente de surmonter le burnout. Il ne sait pas encore que sa [&#8230;]<\/p>\n","protected":false},"author":2,"featured_media":0,"comment_status":"open","ping_status":"closed","sticky":false,"template":"","format":"standard","meta":{"footnotes":""},"categories":[1],"tags":[],"class_list":["post-6975","post","type-post","status-publish","format-standard","hentry","category-allgemein"],"_links":{"self":[{"href":"https:\/\/www.wiedergeborene.de\/fr\/wp-json\/wp\/v2\/posts\/6975","targetHints":{"allow":["GET"]}}],"collection":[{"href":"https:\/\/www.wiedergeborene.de\/fr\/wp-json\/wp\/v2\/posts"}],"about":[{"href":"https:\/\/www.wiedergeborene.de\/fr\/wp-json\/wp\/v2\/types\/post"}],"author":[{"embeddable":true,"href":"https:\/\/www.wiedergeborene.de\/fr\/wp-json\/wp\/v2\/users\/2"}],"replies":[{"embeddable":true,"href":"https:\/\/www.wiedergeborene.de\/fr\/wp-json\/wp\/v2\/comments?post=6975"}],"version-history":[{"count":8,"href":"https:\/\/www.wiedergeborene.de\/fr\/wp-json\/wp\/v2\/posts\/6975\/revisions"}],"predecessor-version":[{"id":7026,"href":"https:\/\/www.wiedergeborene.de\/fr\/wp-json\/wp\/v2\/posts\/6975\/revisions\/7026"}],"wp:attachment":[{"href":"https:\/\/www.wiedergeborene.de\/fr\/wp-json\/wp\/v2\/media?parent=6975"}],"wp:term":[{"taxonomy":"category","embeddable":true,"href":"https:\/\/www.wiedergeborene.de\/fr\/wp-json\/wp\/v2\/categories?post=6975"},{"taxonomy":"post_tag","embeddable":true,"href":"https:\/\/www.wiedergeborene.de\/fr\/wp-json\/wp\/v2\/tags?post=6975"}],"curies":[{"name":"wp","href":"https:\/\/api.w.org\/{rel}","templated":true}]}}