{"id":7615,"date":"2021-03-12T08:37:47","date_gmt":"2021-03-12T07:37:47","guid":{"rendered":"https:\/\/www.wiedergeborene.de\/es\/?p=7615"},"modified":"2021-03-12T08:37:47","modified_gmt":"2021-03-12T07:37:47","slug":"esperanza","status":"publish","type":"post","link":"https:\/\/www.wiedergeborene.de\/es\/esperanza\/","title":{"rendered":"Esperanza"},"content":{"rendered":"<p>\u00bfQu\u00e9 significa esperanza para m\u00ed? Creo que la \u201cforma\u201d de esperanza es distinta dependiendo de d\u00f3nde te encuentras en tu propia vida. Ya he experienciado un contragolpe en mi vida. La primera cosa que me ven\u00eda a la cabeza era que eso no me pasaba a mi. Que era una equivocaci\u00f3n. Pero no lo era. Entonces sent\u00eda mucha rabia: \u201c\u00bfPorqu\u00e9 yo?\u201d me preguntaba miles de veces. Y ya ven\u00eda una infinita tristeza. No pod\u00eda comprender que el mundo pod\u00eda continuar a moverse. Mi destino no contaba en el gran oceano de la vida. Posiblemente eso es as\u00ed. Si nosotros miramos las estrellas por la noche podemos devenir sumiso de nuestra peque\u00f1a existencia. Eso me pasaba a m\u00ed y tambi\u00e9n era el momente cuando \u201cregresaba\u201d la esperanza. En medias de todas las crueldades que nos puede mostrar la vida tengo ya una profunda confianza que la vida tambi\u00e9n puede cambiar por lo mejor. Hay dos cosas que s\u00e9 por absoluto:<\/p>\n<ol>\n<li>La vida siempre continua. 2. No tendriamos que olvidar que pase lo que pase en este momento no seguir\u00e1 as\u00ed para siempre. Es decir \u2013aunque no nos gusta-lo unico que es una constante en nuestra vida es el cambio.<\/li>\n<\/ol>\n<p>Esos son mis pensamientos que quer\u00eda compartir con vosotros, queridos lectores. Quiz\u00e1 as\u00ed os puedo dar un poco de esperanza en estos tiempos dif\u00edciles y desafiantes.<\/p>\n<p>&nbsp;<\/p>\n","protected":false},"excerpt":{"rendered":"<p>\u00bfQu\u00e9 significa esperanza para m\u00ed? Creo que la \u201cforma\u201d de esperanza es distinta dependiendo de d\u00f3nde te encuentras en tu propia vida. Ya he experienciado un contragolpe en mi vida. La primera cosa que me ven\u00eda a la cabeza era que eso no me pasaba a mi. Que era una equivocaci\u00f3n. Pero no lo era. [&#8230;]<\/p>\n","protected":false},"author":2,"featured_media":7616,"comment_status":"closed","ping_status":"closed","sticky":false,"template":"","format":"standard","meta":{"footnotes":""},"categories":[1],"tags":[64,65,25,63,30],"class_list":["post-7615","post","type-post","status-publish","format-standard","has-post-thumbnail","hentry","category-allgemein","tag-encontrar-esperanza","tag-encontrar-paz-iterior","tag-superar-depresion","tag-superar-duelo","tag-superar-trauma"],"_links":{"self":[{"href":"https:\/\/www.wiedergeborene.de\/es\/wp-json\/wp\/v2\/posts\/7615","targetHints":{"allow":["GET"]}}],"collection":[{"href":"https:\/\/www.wiedergeborene.de\/es\/wp-json\/wp\/v2\/posts"}],"about":[{"href":"https:\/\/www.wiedergeborene.de\/es\/wp-json\/wp\/v2\/types\/post"}],"author":[{"embeddable":true,"href":"https:\/\/www.wiedergeborene.de\/es\/wp-json\/wp\/v2\/users\/2"}],"replies":[{"embeddable":true,"href":"https:\/\/www.wiedergeborene.de\/es\/wp-json\/wp\/v2\/comments?post=7615"}],"version-history":[{"count":1,"href":"https:\/\/www.wiedergeborene.de\/es\/wp-json\/wp\/v2\/posts\/7615\/revisions"}],"predecessor-version":[{"id":7617,"href":"https:\/\/www.wiedergeborene.de\/es\/wp-json\/wp\/v2\/posts\/7615\/revisions\/7617"}],"wp:featuredmedia":[{"embeddable":true,"href":"https:\/\/www.wiedergeborene.de\/es\/wp-json\/wp\/v2\/media\/7616"}],"wp:attachment":[{"href":"https:\/\/www.wiedergeborene.de\/es\/wp-json\/wp\/v2\/media?parent=7615"}],"wp:term":[{"taxonomy":"category","embeddable":true,"href":"https:\/\/www.wiedergeborene.de\/es\/wp-json\/wp\/v2\/categories?post=7615"},{"taxonomy":"post_tag","embeddable":true,"href":"https:\/\/www.wiedergeborene.de\/es\/wp-json\/wp\/v2\/tags?post=7615"}],"curies":[{"name":"wp","href":"https:\/\/api.w.org\/{rel}","templated":true}]}}