{"id":7573,"date":"2020-02-01T18:33:09","date_gmt":"2020-02-01T17:33:09","guid":{"rendered":"https:\/\/www.wiedergeborene.de\/es\/?p=7573"},"modified":"2020-03-20T11:30:12","modified_gmt":"2020-03-20T10:30:12","slug":"paz-interior-2","status":"publish","type":"post","link":"https:\/\/www.wiedergeborene.de\/es\/paz-interior-2\/","title":{"rendered":"Tranquilidad interior"},"content":{"rendered":"\n<p>\u00bfQu\u00e9 es\nla tranquilidad interior? Para mi la tranquilidad interior significa de tomar un\nrespiro profundo en una situaci\u00f3n dif\u00edcil, para ganar claridad interior.\nTambi\u00e9n significa que en encuentros con personas agresivas de primero no hacer\nnada. Est\u00e1 claro que las reacciones impulsives en respecto a personas agresivas\nson el resultado las heridas en nuestro pasado. Es evidente que hay mucha gente\nque quiere deshacerse de su disatisfacci\u00f3n interior accusando a otros. Si yo\nobservo tal comportamiento me caigo obervando lo que se passe en mi. En\nponiendo esa distancia entre mi y la otra persona puedo salir del circulo\nvicioso de la justificaci\u00f3n y del desrespeto. A veces logro a hacerlo as\u00ed y a\nveces no. No me juzgo si no llego a hacerlo porque puedo practicarlo toda mi\nvida J.\nCuando alcanzo a callarme y calmarme tengo un sentimiento raro. Casi como si en\nusando palabras y explicandome hubiera podido convencer al otro que soy una\npersona valiente. Ahora s\u00e9 que es m\u00e1s importante que yo pienso de mi as\u00ed. As\u00ed\npuedo-como en la defensa de Tai Chi- poner distancia entre mi y el agresor\nreteniendo mi energ\u00eda. Para ese fenomeno hay una anecdota de la c\u00e1mara de los\nComunes. Un delegado insult\u00f3 fuertemente a un hidalgo. Pero este no le hizo\ncaso y se fue sonriendo. Cuando otro delegado le preguntaba: -\u201cPor que no te\nhas defendido?\u201d El hidalgo le dijo: -\u201cPorque no era necesario.\u201d<\/p>\n\n\n\n<p>Esos son\nmis pensamientos, que quiero compartir con vosotros, queridos lectores. <\/p>\n\n\n\n<p>Renate\nWeber<\/p>\n","protected":false},"excerpt":{"rendered":"<p>\u00bfQu\u00e9 es la tranquilidad interior? Para mi la tranquilidad interior significa de tomar un respiro profundo en una situaci\u00f3n dif\u00edcil, para ganar claridad interior. Tambi\u00e9n significa que en encuentros con personas agresivas de primero no hacer nada. Est\u00e1 claro que las reacciones impulsives en respecto a personas agresivas son el resultado las heridas en nuestro [&#8230;]<\/p>\n","protected":false},"author":2,"featured_media":7574,"comment_status":"closed","ping_status":"closed","sticky":false,"template":"","format":"standard","meta":{"footnotes":""},"categories":[1],"tags":[42,11,25,37,26],"class_list":["post-7573","post","type-post","status-publish","format-standard","has-post-thumbnail","hentry","category-allgemein","tag-encontrar-paz-interior","tag-superar-agotamiento","tag-superar-depresion","tag-superar-el-abuso-sexual","tag-superar-el-trauma"],"_links":{"self":[{"href":"https:\/\/www.wiedergeborene.de\/es\/wp-json\/wp\/v2\/posts\/7573","targetHints":{"allow":["GET"]}}],"collection":[{"href":"https:\/\/www.wiedergeborene.de\/es\/wp-json\/wp\/v2\/posts"}],"about":[{"href":"https:\/\/www.wiedergeborene.de\/es\/wp-json\/wp\/v2\/types\/post"}],"author":[{"embeddable":true,"href":"https:\/\/www.wiedergeborene.de\/es\/wp-json\/wp\/v2\/users\/2"}],"replies":[{"embeddable":true,"href":"https:\/\/www.wiedergeborene.de\/es\/wp-json\/wp\/v2\/comments?post=7573"}],"version-history":[{"count":2,"href":"https:\/\/www.wiedergeborene.de\/es\/wp-json\/wp\/v2\/posts\/7573\/revisions"}],"predecessor-version":[{"id":7580,"href":"https:\/\/www.wiedergeborene.de\/es\/wp-json\/wp\/v2\/posts\/7573\/revisions\/7580"}],"wp:featuredmedia":[{"embeddable":true,"href":"https:\/\/www.wiedergeborene.de\/es\/wp-json\/wp\/v2\/media\/7574"}],"wp:attachment":[{"href":"https:\/\/www.wiedergeborene.de\/es\/wp-json\/wp\/v2\/media?parent=7573"}],"wp:term":[{"taxonomy":"category","embeddable":true,"href":"https:\/\/www.wiedergeborene.de\/es\/wp-json\/wp\/v2\/categories?post=7573"},{"taxonomy":"post_tag","embeddable":true,"href":"https:\/\/www.wiedergeborene.de\/es\/wp-json\/wp\/v2\/tags?post=7573"}],"curies":[{"name":"wp","href":"https:\/\/api.w.org\/{rel}","templated":true}]}}