{"id":7536,"date":"2019-08-18T18:31:22","date_gmt":"2019-08-18T16:31:22","guid":{"rendered":"https:\/\/www.wiedergeborene.de\/es\/?p=7536"},"modified":"2019-08-18T18:31:22","modified_gmt":"2019-08-18T16:31:22","slug":"mujer-de-pluma-2","status":"publish","type":"post","link":"https:\/\/www.wiedergeborene.de\/es\/mujer-de-pluma-2\/","title":{"rendered":"Mujer de pluma"},"content":{"rendered":"\n<p>Me imaginaba Como era de actualmente &#8220;ser&#8221; la persona que soy sin las ombras del pasado. Comprendi que los sentimientos de verguenza y de culpabilidad que me hab\u00edan accompanado casi toda mi vida no eran m\u00edas. Habian Sido transferridos a mi alma. Tambi\u00e9n la desvaloraci\u00f3n. As\u00ed cre\u00ed la mujer de pluma. Eso era como una liberaci\u00f3n para mi y el comienzo de ver mi feminidad positivamente. <\/p>\n","protected":false},"excerpt":{"rendered":"<p>Me imaginaba Como era de actualmente &#8220;ser&#8221; la persona que soy sin las ombras del pasado. Comprendi que los sentimientos de verguenza y de culpabilidad que me hab\u00edan accompanado casi toda mi vida no eran m\u00edas. Habian Sido transferridos a mi alma. Tambi\u00e9n la desvaloraci\u00f3n. As\u00ed cre\u00ed la mujer de pluma. Eso era como una [&#8230;]<\/p>\n","protected":false},"author":2,"featured_media":7537,"comment_status":"closed","ping_status":"closed","sticky":false,"template":"","format":"standard","meta":{"footnotes":""},"categories":[1],"tags":[36,23,21,22,11,25,37,30],"class_list":["post-7536","post","type-post","status-publish","format-standard","has-post-thumbnail","hentry","category-allgemein","tag-ayuda-para-superar-el-abuso-sexual","tag-ayuda-para-superar-el-agotamiento","tag-ayuda-para-superar-el-trauma","tag-ayuda-para-superar-la-depresion","tag-superar-agotamiento","tag-superar-depresion","tag-superar-el-abuso-sexual","tag-superar-trauma"],"_links":{"self":[{"href":"https:\/\/www.wiedergeborene.de\/es\/wp-json\/wp\/v2\/posts\/7536","targetHints":{"allow":["GET"]}}],"collection":[{"href":"https:\/\/www.wiedergeborene.de\/es\/wp-json\/wp\/v2\/posts"}],"about":[{"href":"https:\/\/www.wiedergeborene.de\/es\/wp-json\/wp\/v2\/types\/post"}],"author":[{"embeddable":true,"href":"https:\/\/www.wiedergeborene.de\/es\/wp-json\/wp\/v2\/users\/2"}],"replies":[{"embeddable":true,"href":"https:\/\/www.wiedergeborene.de\/es\/wp-json\/wp\/v2\/comments?post=7536"}],"version-history":[{"count":1,"href":"https:\/\/www.wiedergeborene.de\/es\/wp-json\/wp\/v2\/posts\/7536\/revisions"}],"predecessor-version":[{"id":7538,"href":"https:\/\/www.wiedergeborene.de\/es\/wp-json\/wp\/v2\/posts\/7536\/revisions\/7538"}],"wp:featuredmedia":[{"embeddable":true,"href":"https:\/\/www.wiedergeborene.de\/es\/wp-json\/wp\/v2\/media\/7537"}],"wp:attachment":[{"href":"https:\/\/www.wiedergeborene.de\/es\/wp-json\/wp\/v2\/media?parent=7536"}],"wp:term":[{"taxonomy":"category","embeddable":true,"href":"https:\/\/www.wiedergeborene.de\/es\/wp-json\/wp\/v2\/categories?post=7536"},{"taxonomy":"post_tag","embeddable":true,"href":"https:\/\/www.wiedergeborene.de\/es\/wp-json\/wp\/v2\/tags?post=7536"}],"curies":[{"name":"wp","href":"https:\/\/api.w.org\/{rel}","templated":true}]}}