{"id":7533,"date":"2019-08-18T18:25:49","date_gmt":"2019-08-18T16:25:49","guid":{"rendered":"https:\/\/www.wiedergeborene.de\/es\/?p=7533"},"modified":"2019-08-18T18:25:50","modified_gmt":"2019-08-18T16:25:50","slug":"espantos-en-el-pais-del-cambio","status":"publish","type":"post","link":"https:\/\/www.wiedergeborene.de\/es\/espantos-en-el-pais-del-cambio\/","title":{"rendered":"Espantos en el pa\u00eds del cambio"},"content":{"rendered":"\n<p>Antes de encontrar mi verdadero &#8220;yo&#8221; ten\u00eda que dejar atr\u00e1s todo que hab\u00eda consumido y presionado mi energ\u00eda de vida. Por eso crei un mundo m\u00e1gico: El \u00c4nderland (Pa\u00eds del cambio). Y aunque aqui tambi\u00e9n hab\u00eda espantos y monstruos yo manten\u00eda el Control absoluto sobre este mundo. As\u00ed ese mundo magico en mi libro colindaba con un mundo &#8220;real&#8221; en el que me hab\u00eda sentido entregada y rechazado muchos veces. El cuento de curaci\u00f3n dentro de mi novela autobiografica ten\u00eda el mismo efecto que una pomada: Todav\u00eda se pod\u00edan ver las cicatrices del padado. Pero no me parec\u00edan tan feas que yo les escond\u00eda. <\/p>\n","protected":false},"excerpt":{"rendered":"<p>Antes de encontrar mi verdadero &#8220;yo&#8221; ten\u00eda que dejar atr\u00e1s todo que hab\u00eda consumido y presionado mi energ\u00eda de vida. Por eso crei un mundo m\u00e1gico: El \u00c4nderland (Pa\u00eds del cambio). Y aunque aqui tambi\u00e9n hab\u00eda espantos y monstruos yo manten\u00eda el Control absoluto sobre este mundo. As\u00ed ese mundo magico en mi libro colindaba [&#8230;]<\/p>\n","protected":false},"author":2,"featured_media":7534,"comment_status":"closed","ping_status":"closed","sticky":false,"template":"","format":"standard","meta":{"footnotes":""},"categories":[1],"tags":[36,21,22,11,25,26],"class_list":["post-7533","post","type-post","status-publish","format-standard","has-post-thumbnail","hentry","category-allgemein","tag-ayuda-para-superar-el-abuso-sexual","tag-ayuda-para-superar-el-trauma","tag-ayuda-para-superar-la-depresion","tag-superar-agotamiento","tag-superar-depresion","tag-superar-el-trauma"],"_links":{"self":[{"href":"https:\/\/www.wiedergeborene.de\/es\/wp-json\/wp\/v2\/posts\/7533","targetHints":{"allow":["GET"]}}],"collection":[{"href":"https:\/\/www.wiedergeborene.de\/es\/wp-json\/wp\/v2\/posts"}],"about":[{"href":"https:\/\/www.wiedergeborene.de\/es\/wp-json\/wp\/v2\/types\/post"}],"author":[{"embeddable":true,"href":"https:\/\/www.wiedergeborene.de\/es\/wp-json\/wp\/v2\/users\/2"}],"replies":[{"embeddable":true,"href":"https:\/\/www.wiedergeborene.de\/es\/wp-json\/wp\/v2\/comments?post=7533"}],"version-history":[{"count":1,"href":"https:\/\/www.wiedergeborene.de\/es\/wp-json\/wp\/v2\/posts\/7533\/revisions"}],"predecessor-version":[{"id":7535,"href":"https:\/\/www.wiedergeborene.de\/es\/wp-json\/wp\/v2\/posts\/7533\/revisions\/7535"}],"wp:featuredmedia":[{"embeddable":true,"href":"https:\/\/www.wiedergeborene.de\/es\/wp-json\/wp\/v2\/media\/7534"}],"wp:attachment":[{"href":"https:\/\/www.wiedergeborene.de\/es\/wp-json\/wp\/v2\/media?parent=7533"}],"wp:term":[{"taxonomy":"category","embeddable":true,"href":"https:\/\/www.wiedergeborene.de\/es\/wp-json\/wp\/v2\/categories?post=7533"},{"taxonomy":"post_tag","embeddable":true,"href":"https:\/\/www.wiedergeborene.de\/es\/wp-json\/wp\/v2\/tags?post=7533"}],"curies":[{"name":"wp","href":"https:\/\/api.w.org\/{rel}","templated":true}]}}