{"id":7351,"date":"2017-08-31T19:17:50","date_gmt":"2017-08-31T17:17:50","guid":{"rendered":"http:\/\/www.wiedergeborene.de\/es\/?p=7351"},"modified":"2017-08-31T19:17:50","modified_gmt":"2017-08-31T17:17:50","slug":"fulna-vuela-a-la-feria","status":"publish","type":"post","link":"https:\/\/www.wiedergeborene.de\/es\/fulna-vuela-a-la-feria\/","title":{"rendered":"Fulna vuela a la feria"},"content":{"rendered":"<p><span lang=\"ES-TRAD\" style=\"margin: 0px;color: black;line-height: 110%;font-family: 'Arial',sans-serif;font-size: 13.5pt\">Queridos lectores,<\/span><\/p>\n<p><span lang=\"ES-TRAD\" style=\"margin: 0px;color: black;line-height: 110%;font-family: 'Arial',sans-serif;font-size: 10pt\">Fulna vuela \u00e0 la feria des libros en Francfort. Quiero compartir con vosotros el cat\u00e1logo. Fulna est\u00e1 en la p\u00e1gina 71 del viejo cat\u00e1logo. El nuevo cat\u00e1logo saldr\u00e1 al comienzo de la feria, el 25 de Octubre.<\/span><\/p>\n<p><span style=\"margin: 0px;color: black;line-height: 110%;font-family: 'Arial',sans-serif;font-size: 10pt\"><a href=\"https:\/\/flashbooks.boersenblatt.net\/MVB_WK_2016\/html5.html\"><span lang=\"ES-TRAD\" style=\"background: white;margin: 0px;padding: 0cm;border: 1pt windowtext;color: #0563c1;line-height: 110%;font-family: 'Calibri',sans-serif;font-size: 13.5pt\">Aqu\u00ed viene el informativo del cat\u00e1logo<\/span><\/a><\/span><\/p>\n<p><span lang=\"ES-TRAD\" style=\"margin: 0px;color: black;line-height: 110%;font-family: 'Arial',sans-serif;font-size: 10pt\">Aqui viene la Fulna castellana. La dragona me ha dado mucha fuerza. Puede dar coraje\u00a0a todos.<\/span><\/p>\n<p><span style=\"margin: 0px;color: black;line-height: 110%;font-family: 'Arial',sans-serif;font-size: 10pt\"><a href=\"https:\/\/youtu.be\/TTnn3UaMxWE\"><span lang=\"ES-TRAD\" style=\"background: white;margin: 0px;padding: 0cm;border: 1pt windowtext;color: #0563c1;line-height: 110%;font-family: 'Calibri',sans-serif;font-size: 13.5pt\">Aqui viene el fulna video en castellano<\/span><\/a><\/span><\/p>\n<p><span style=\"margin: 0px;color: black;line-height: 110%;font-family: 'Arial',sans-serif;font-size: 10pt\"><a href=\"https:\/\/amzn.eu\/2wDKJbX\"><span lang=\"ES-TRAD\" style=\"background: white;margin: 0px;padding: 0cm;border: 1pt windowtext;color: #0563c1;line-height: 110%;font-family: 'Calibri',sans-serif;font-size: 13.5pt\">\u00a0Y aqu\u00ed viene el cuento de curaci\u00f3n con Fulna<\/span><\/a><\/span><\/p>\n","protected":false},"excerpt":{"rendered":"<p>Queridos lectores, Fulna vuela \u00e0 la feria des libros en Francfort. Quiero compartir con vosotros el cat\u00e1logo. Fulna est\u00e1 en la p\u00e1gina 71 del viejo cat\u00e1logo. El nuevo cat\u00e1logo saldr\u00e1 al comienzo de la feria, el 25 de Octubre. Aqu\u00ed viene el informativo del cat\u00e1logo Aqui viene la Fulna castellana. La dragona me ha dado [&#8230;]<\/p>\n","protected":false},"author":2,"featured_media":7352,"comment_status":"open","ping_status":"closed","sticky":false,"template":"","format":"standard","meta":{"footnotes":""},"categories":[1],"tags":[],"class_list":["post-7351","post","type-post","status-publish","format-standard","has-post-thumbnail","hentry","category-allgemein"],"_links":{"self":[{"href":"https:\/\/www.wiedergeborene.de\/es\/wp-json\/wp\/v2\/posts\/7351","targetHints":{"allow":["GET"]}}],"collection":[{"href":"https:\/\/www.wiedergeborene.de\/es\/wp-json\/wp\/v2\/posts"}],"about":[{"href":"https:\/\/www.wiedergeborene.de\/es\/wp-json\/wp\/v2\/types\/post"}],"author":[{"embeddable":true,"href":"https:\/\/www.wiedergeborene.de\/es\/wp-json\/wp\/v2\/users\/2"}],"replies":[{"embeddable":true,"href":"https:\/\/www.wiedergeborene.de\/es\/wp-json\/wp\/v2\/comments?post=7351"}],"version-history":[{"count":1,"href":"https:\/\/www.wiedergeborene.de\/es\/wp-json\/wp\/v2\/posts\/7351\/revisions"}],"predecessor-version":[{"id":7353,"href":"https:\/\/www.wiedergeborene.de\/es\/wp-json\/wp\/v2\/posts\/7351\/revisions\/7353"}],"wp:featuredmedia":[{"embeddable":true,"href":"https:\/\/www.wiedergeborene.de\/es\/wp-json\/wp\/v2\/media\/7352"}],"wp:attachment":[{"href":"https:\/\/www.wiedergeborene.de\/es\/wp-json\/wp\/v2\/media?parent=7351"}],"wp:term":[{"taxonomy":"category","embeddable":true,"href":"https:\/\/www.wiedergeborene.de\/es\/wp-json\/wp\/v2\/categories?post=7351"},{"taxonomy":"post_tag","embeddable":true,"href":"https:\/\/www.wiedergeborene.de\/es\/wp-json\/wp\/v2\/tags?post=7351"}],"curies":[{"name":"wp","href":"https:\/\/api.w.org\/{rel}","templated":true}]}}