{"id":7309,"date":"2017-05-28T22:54:02","date_gmt":"2017-05-28T20:54:02","guid":{"rendered":"http:\/\/www.wiedergeborene.de\/es\/?p=7309"},"modified":"2017-05-28T22:54:02","modified_gmt":"2017-05-28T20:54:02","slug":"diabolo-de-rabia","status":"publish","type":"post","link":"https:\/\/www.wiedergeborene.de\/es\/diabolo-de-rabia\/","title":{"rendered":"diabolo de rabia"},"content":{"rendered":"<p style=\"text-align: justify\">Eso es mi diabolo de rabia. Simboliza todas las heridas que he soportado durante mi infancia sin decir palabra. Desde que yo le pint\u00e9 puedo decir m\u00e1s y m\u00e1s si me ha herido algo. Adem\u00e1s siento m\u00e1s rapido cuando tengo rabia y lo expreso nadando o yendo rapidamente en bicicleta. Asi no dirigo la rabia contra mi misma (=depresi\u00f3n).<\/p>\n","protected":false},"excerpt":{"rendered":"<p>Eso es mi diabolo de rabia. Simboliza todas las heridas que he soportado durante mi infancia sin decir palabra. Desde que yo le pint\u00e9 puedo decir m\u00e1s y m\u00e1s si me ha herido algo. Adem\u00e1s siento m\u00e1s rapido cuando tengo rabia y lo expreso nadando o yendo rapidamente en bicicleta. Asi no dirigo la rabia [&#8230;]<\/p>\n","protected":false},"author":2,"featured_media":7310,"comment_status":"open","ping_status":"closed","sticky":false,"template":"","format":"standard","meta":{"footnotes":""},"categories":[1],"tags":[],"class_list":["post-7309","post","type-post","status-publish","format-standard","has-post-thumbnail","hentry","category-allgemein"],"_links":{"self":[{"href":"https:\/\/www.wiedergeborene.de\/es\/wp-json\/wp\/v2\/posts\/7309","targetHints":{"allow":["GET"]}}],"collection":[{"href":"https:\/\/www.wiedergeborene.de\/es\/wp-json\/wp\/v2\/posts"}],"about":[{"href":"https:\/\/www.wiedergeborene.de\/es\/wp-json\/wp\/v2\/types\/post"}],"author":[{"embeddable":true,"href":"https:\/\/www.wiedergeborene.de\/es\/wp-json\/wp\/v2\/users\/2"}],"replies":[{"embeddable":true,"href":"https:\/\/www.wiedergeborene.de\/es\/wp-json\/wp\/v2\/comments?post=7309"}],"version-history":[{"count":1,"href":"https:\/\/www.wiedergeborene.de\/es\/wp-json\/wp\/v2\/posts\/7309\/revisions"}],"predecessor-version":[{"id":7311,"href":"https:\/\/www.wiedergeborene.de\/es\/wp-json\/wp\/v2\/posts\/7309\/revisions\/7311"}],"wp:featuredmedia":[{"embeddable":true,"href":"https:\/\/www.wiedergeborene.de\/es\/wp-json\/wp\/v2\/media\/7310"}],"wp:attachment":[{"href":"https:\/\/www.wiedergeborene.de\/es\/wp-json\/wp\/v2\/media?parent=7309"}],"wp:term":[{"taxonomy":"category","embeddable":true,"href":"https:\/\/www.wiedergeborene.de\/es\/wp-json\/wp\/v2\/categories?post=7309"},{"taxonomy":"post_tag","embeddable":true,"href":"https:\/\/www.wiedergeborene.de\/es\/wp-json\/wp\/v2\/tags?post=7309"}],"curies":[{"name":"wp","href":"https:\/\/api.w.org\/{rel}","templated":true}]}}