{"id":7292,"date":"2017-05-28T22:35:08","date_gmt":"2017-05-28T20:35:08","guid":{"rendered":"http:\/\/www.wiedergeborene.de\/es\/?p=7292"},"modified":"2017-05-28T22:35:08","modified_gmt":"2017-05-28T20:35:08","slug":"natis-mundo-fabuloso","status":"publish","type":"post","link":"https:\/\/www.wiedergeborene.de\/es\/natis-mundo-fabuloso\/","title":{"rendered":"Natis mundo fabuloso"},"content":{"rendered":"<p>Comprendi que la Nati de nueve anos todav\u00eda se encontraba dentro de mi alma. Todav\u00eda estaba sola con todo lo que le hab\u00eda pasado. Por eso le invent\u00e9 un mundo donde se sent\u00eda tranquila: En el oc\u00e9ano.<\/p>\n","protected":false},"excerpt":{"rendered":"<p>Comprendi que la Nati de nueve anos todav\u00eda se encontraba dentro de mi alma. Todav\u00eda estaba sola con todo lo que le hab\u00eda pasado. Por eso le invent\u00e9 un mundo donde se sent\u00eda tranquila: En el oc\u00e9ano.<\/p>\n","protected":false},"author":2,"featured_media":7293,"comment_status":"open","ping_status":"closed","sticky":false,"template":"","format":"standard","meta":{"footnotes":""},"categories":[1],"tags":[],"class_list":["post-7292","post","type-post","status-publish","format-standard","has-post-thumbnail","hentry","category-allgemein"],"_links":{"self":[{"href":"https:\/\/www.wiedergeborene.de\/es\/wp-json\/wp\/v2\/posts\/7292","targetHints":{"allow":["GET"]}}],"collection":[{"href":"https:\/\/www.wiedergeborene.de\/es\/wp-json\/wp\/v2\/posts"}],"about":[{"href":"https:\/\/www.wiedergeborene.de\/es\/wp-json\/wp\/v2\/types\/post"}],"author":[{"embeddable":true,"href":"https:\/\/www.wiedergeborene.de\/es\/wp-json\/wp\/v2\/users\/2"}],"replies":[{"embeddable":true,"href":"https:\/\/www.wiedergeborene.de\/es\/wp-json\/wp\/v2\/comments?post=7292"}],"version-history":[{"count":1,"href":"https:\/\/www.wiedergeborene.de\/es\/wp-json\/wp\/v2\/posts\/7292\/revisions"}],"predecessor-version":[{"id":7294,"href":"https:\/\/www.wiedergeborene.de\/es\/wp-json\/wp\/v2\/posts\/7292\/revisions\/7294"}],"wp:featuredmedia":[{"embeddable":true,"href":"https:\/\/www.wiedergeborene.de\/es\/wp-json\/wp\/v2\/media\/7293"}],"wp:attachment":[{"href":"https:\/\/www.wiedergeborene.de\/es\/wp-json\/wp\/v2\/media?parent=7292"}],"wp:term":[{"taxonomy":"category","embeddable":true,"href":"https:\/\/www.wiedergeborene.de\/es\/wp-json\/wp\/v2\/categories?post=7292"},{"taxonomy":"post_tag","embeddable":true,"href":"https:\/\/www.wiedergeborene.de\/es\/wp-json\/wp\/v2\/tags?post=7292"}],"curies":[{"name":"wp","href":"https:\/\/api.w.org\/{rel}","templated":true}]}}