{"id":7227,"date":"2017-03-19T22:46:20","date_gmt":"2017-03-19T21:46:20","guid":{"rendered":"http:\/\/www.wiedergeborene.de\/es\/?p=7227"},"modified":"2017-03-20T08:31:34","modified_gmt":"2017-03-20T07:31:34","slug":"vernissage-renate","status":"publish","type":"post","link":"https:\/\/www.wiedergeborene.de\/es\/vernissage-renate\/","title":{"rendered":"jornada de inauguraci\u00f3n &#8220;Renate&#8221;"},"content":{"rendered":"<p>Aqui viene el enlace para mi jornada de inauguraci\u00f3n. Se trata de mi proceso de curaci\u00f3n: <a href=\"https:\/\/www.berger200.de\/index.php?id=29&amp;tx_cal_controller%5bview%5d=event&amp;tx_cal_controller%5btype%5d=tx_cal_phpicalendar&amp;tx_cal_controller%5buid%5d=564&amp;tx_cal_controller%5blastview%5d=view-list%7Cpage_id-11%7Coffset-5&amp;tx_cal_controller%5byear%5d=2017&amp;tx_cal_controller%5bmonth%5d=05&amp;tx_cal_controller%5bday%5d=06&amp;cHash=6583d9397443f70d3e0bd0420655ae56\">https:\/\/www.berger200.de\/<\/a><\/p>\n<p>es el 6 de mayo a las seis en la Bergerstra\u00dfe 200 en Frankfurt.<\/p>\n<p>Saludos del coraz\u00f3n<\/p>\n<p>Renate Weber<\/p>\n","protected":false},"excerpt":{"rendered":"<p>Aqui viene el enlace para mi jornada de inauguraci\u00f3n. Se trata de mi proceso de curaci\u00f3n: https:\/\/www.berger200.de\/ es el 6 de mayo a las seis en la Bergerstra\u00dfe 200 en Frankfurt. Saludos del coraz\u00f3n Renate Weber<\/p>\n","protected":false},"author":2,"featured_media":7132,"comment_status":"open","ping_status":"closed","sticky":false,"template":"","format":"standard","meta":{"footnotes":""},"categories":[1],"tags":[],"class_list":["post-7227","post","type-post","status-publish","format-standard","has-post-thumbnail","hentry","category-allgemein"],"_links":{"self":[{"href":"https:\/\/www.wiedergeborene.de\/es\/wp-json\/wp\/v2\/posts\/7227","targetHints":{"allow":["GET"]}}],"collection":[{"href":"https:\/\/www.wiedergeborene.de\/es\/wp-json\/wp\/v2\/posts"}],"about":[{"href":"https:\/\/www.wiedergeborene.de\/es\/wp-json\/wp\/v2\/types\/post"}],"author":[{"embeddable":true,"href":"https:\/\/www.wiedergeborene.de\/es\/wp-json\/wp\/v2\/users\/2"}],"replies":[{"embeddable":true,"href":"https:\/\/www.wiedergeborene.de\/es\/wp-json\/wp\/v2\/comments?post=7227"}],"version-history":[{"count":3,"href":"https:\/\/www.wiedergeborene.de\/es\/wp-json\/wp\/v2\/posts\/7227\/revisions"}],"predecessor-version":[{"id":7230,"href":"https:\/\/www.wiedergeborene.de\/es\/wp-json\/wp\/v2\/posts\/7227\/revisions\/7230"}],"wp:featuredmedia":[{"embeddable":true,"href":"https:\/\/www.wiedergeborene.de\/es\/wp-json\/wp\/v2\/media\/7132"}],"wp:attachment":[{"href":"https:\/\/www.wiedergeborene.de\/es\/wp-json\/wp\/v2\/media?parent=7227"}],"wp:term":[{"taxonomy":"category","embeddable":true,"href":"https:\/\/www.wiedergeborene.de\/es\/wp-json\/wp\/v2\/categories?post=7227"},{"taxonomy":"post_tag","embeddable":true,"href":"https:\/\/www.wiedergeborene.de\/es\/wp-json\/wp\/v2\/tags?post=7227"}],"curies":[{"name":"wp","href":"https:\/\/api.w.org\/{rel}","templated":true}]}}