{"id":7114,"date":"2016-09-25T21:12:16","date_gmt":"2016-09-25T19:12:16","guid":{"rendered":"http:\/\/www.wiedergeborene.de\/es\/?p=7114"},"modified":"2016-10-11T11:25:09","modified_gmt":"2016-10-11T09:25:09","slug":"fulna-y-geo-entrevista","status":"publish","type":"post","link":"https:\/\/www.wiedergeborene.de\/es\/fulna-y-geo-entrevista\/","title":{"rendered":"Fulna y GEO entrevista"},"content":{"rendered":"[vc_row][vc_column][vc_column_text]Queridos lectores,<\/p>\n<p>El <strong>12 de Octubre<\/strong> aparece la <strong>revista Geo Salud<\/strong> (car\u00e1tula roja) con el tema de \u201cC\u00f3mo <strong>superar el agotamiento (burnout) y la depresi\u00f3n<\/strong>?\u201d. Tambi\u00e9n sale una <strong>entrevista<\/strong> con migo. Aqu\u00ed viene el enlace para ver la previsualizaci\u00f3n:<\/p>\n<p><span style=\"text-decoration: underline; color: #0000ff;\"><a style=\"color: #0000ff; text-decoration: underline;\" href=\"https:\/\/m.geo.de\/magazine\/geo-wissen-gesundheit\/1163-rtkl-vorschau-burnout-aengste-depression\">Fulna y GEO entrevista<\/a><\/span>[\/vc_column_text][vc_single_image image=&#8221;7130&#8243; img_size=&#8221;large&#8221; alignment=&#8221;center&#8221;][vc_column_text]Durante la entrevista me ven\u00eda la idea de \u201c<strong>Fulna\u201d un cuento de curaci\u00f3n<\/strong> para adultos y ni\u00f1os. Ahora el cuento de drag\u00f3n est\u00e1 disponible para pedir en castellano, ingl\u00e9s, franc\u00e9s y alem\u00e1n.<\/p>\n<p>Aqu\u00ed vean la sinopsis del libro: \u201c<em>No es ninguna coincidencia lo que le ocurre al se\u00f1or Raffel. Parece un d\u00eda como cualquier otro cuando el redactor jefe recorta a su merced un art\u00edculo sobre el agotamiento (burnout). Elimina exactamente los seres de fantas\u00eda que ayudaron a una paciente a superar su burnout. Pero \u00e9l no sabe todav\u00eda que su vida est\u00e1 a punto de cambiar. Y mucho: En su oficina, \u201cFulna\u201d -la atrevida dragona roja- rompe el cascar\u00f3n y sale del huevo. Sus preguntas inocentes generar\u00e1n el caos en la vida del redactor jefe &#8211; y la de su familia. Al principio, el se\u00f1or Rafael considera a \u201cla beb\u00e9 Dragona\u201d como una inc\u00f3moda obligaci\u00f3n. Pero con el tiempo comprende que en su vida apresurada y aparentemente exitosa, le falta algo\u2026 -un cuento de curaci\u00f3n para adultos y ni\u00f1os que lleva a la reflexi\u00f3n\u201d<\/em><\/p>\n<p>Y aqu\u00ed viene el enlace para pedir lo en <strong>espa\u00f1ol <\/strong>con amazon.de<br \/>\n(104p, 7,99 Euro; ISBN: 9783741227<strong>295<\/strong>):[\/vc_column_text][vc_btn title=&#8221;Pedir ahora&#8221; color=&#8221;danger&#8221; size=&#8221;lg&#8221; align=&#8221;center&#8221; i_icon_fontawesome=&#8221;fa fa-shopping-cart&#8221; add_icon=&#8221;true&#8221; link=&#8221;url:https%3A%2F%2Fwww.amazon.de%2FFulna-cuento-curaci-n-Renate-Weber%2Fdp%2F3741227293%2F|||&#8221;][vc_column_text]Les informar\u00e9 cuando se puede comprar el ebook por 2,99 (oferta de 8 semanas despu\u00e9s de la publicaci\u00f3n).[\/vc_column_text][vc_btn title=&#8221;Pedir ahora&#8221; color=&#8221;danger&#8221; size=&#8221;lg&#8221; align=&#8221;center&#8221; i_icon_fontawesome=&#8221;fa fa-shopping-cart&#8221; add_icon=&#8221;true&#8221; link=&#8221;url:https%3A%2F%2Fwww.amazon.de%2FFulna-cuento-curaci-n-Renate-Weber-ebook%2Fdp%2FB01M01M6V7%2F|||&#8221;][vc_column_text]Saludos<br \/>\nRenate Weber (wiedergeborene.de)[\/vc_column_text][\/vc_column][\/vc_row][vc_row][vc_column][\/vc_column][\/vc_row]\n","protected":false},"excerpt":{"rendered":"<p>[vc_row][vc_column][vc_column_text]Queridos lectores, El 12 de Octubre aparece la revista Geo Salud (car\u00e1tula roja) con el tema de \u201cC\u00f3mo superar el agotamiento (burnout) y la depresi\u00f3n?\u201d. Tambi\u00e9n sale una entrevista con migo. Aqu\u00ed viene el enlace para ver la previsualizaci\u00f3n: Fulna y GEO entrevista[\/vc_column_text][vc_single_image image=&#8221;7130&#8243; img_size=&#8221;large&#8221; alignment=&#8221;center&#8221;][vc_column_text]Durante la entrevista me ven\u00eda la idea de \u201cFulna\u201d un [&#8230;]<\/p>\n","protected":false},"author":2,"featured_media":0,"comment_status":"open","ping_status":"closed","sticky":false,"template":"","format":"standard","meta":{"footnotes":""},"categories":[1],"tags":[],"class_list":["post-7114","post","type-post","status-publish","format-standard","hentry","category-allgemein"],"_links":{"self":[{"href":"https:\/\/www.wiedergeborene.de\/es\/wp-json\/wp\/v2\/posts\/7114","targetHints":{"allow":["GET"]}}],"collection":[{"href":"https:\/\/www.wiedergeborene.de\/es\/wp-json\/wp\/v2\/posts"}],"about":[{"href":"https:\/\/www.wiedergeborene.de\/es\/wp-json\/wp\/v2\/types\/post"}],"author":[{"embeddable":true,"href":"https:\/\/www.wiedergeborene.de\/es\/wp-json\/wp\/v2\/users\/2"}],"replies":[{"embeddable":true,"href":"https:\/\/www.wiedergeborene.de\/es\/wp-json\/wp\/v2\/comments?post=7114"}],"version-history":[{"count":10,"href":"https:\/\/www.wiedergeborene.de\/es\/wp-json\/wp\/v2\/posts\/7114\/revisions"}],"predecessor-version":[{"id":7149,"href":"https:\/\/www.wiedergeborene.de\/es\/wp-json\/wp\/v2\/posts\/7114\/revisions\/7149"}],"wp:attachment":[{"href":"https:\/\/www.wiedergeborene.de\/es\/wp-json\/wp\/v2\/media?parent=7114"}],"wp:term":[{"taxonomy":"category","embeddable":true,"href":"https:\/\/www.wiedergeborene.de\/es\/wp-json\/wp\/v2\/categories?post=7114"},{"taxonomy":"post_tag","embeddable":true,"href":"https:\/\/www.wiedergeborene.de\/es\/wp-json\/wp\/v2\/tags?post=7114"}],"curies":[{"name":"wp","href":"https:\/\/api.w.org\/{rel}","templated":true}]}}